{"id":271,"date":"2019-10-18T10:37:54","date_gmt":"2019-10-18T08:37:54","guid":{"rendered":"https:\/\/www.footclubs.be\/rcsandennais\/?post_type=news&#038;p=271"},"modified":"2019-10-18T10:37:54","modified_gmt":"2019-10-18T08:37:54","slug":"philippe-rasquin-va-quitter-la-presidence-dandenne","status":"publish","type":"news","link":"https:\/\/www.footclubs.be\/rcsandennais\/news\/philippe-rasquin-va-quitter-la-presidence-dandenne\/","title":{"rendered":"Philippe Rasquin va quitter la pr\u00e9sidence d\u2019Andenne"},"content":{"rendered":"<p>Andenne n\u2019aura plus de pr\u00e9sident au terme de la saison. Philippe Rasquin l\u2019a confirm\u00e9 aux administrateurs du club, il sortira des statuts fin d\u00e9cembre et s\u2019en ira en mai. \u00ab Les \u00e9v\u00e9nements de dimanche n\u2019ont rien \u00e0 voir avec cette d\u00e9cision, explique l\u2019Andennais. C\u2019est une lassitude g\u00e9n\u00e9rale qui s\u2019est install\u00e9e. Et j\u2019avais cette id\u00e9e en t\u00eate depuis longtemps d\u00e9j\u00e0. G\u00e9rer un ASBL \u00e0 l\u2019heure actuelle, c\u2019est devenu tr\u00e8s lourd, surtout quand les b\u00e9n\u00e9voles se font rares. Je passe des journ\u00e9es enti\u00e8res \u00e0 m\u2019occuper du club, au d\u00e9triment de mes loisirs (le v\u00e9lo surtout) et de mes petits-enfants. \u00bb<\/p>\n<p>Philippe croise les doigts pour qu\u2019un successeur se manifeste rapidement, surtout que Dominique Dheur, qui donne aussi beaucoup de son temps chez les Oursons, pourrait s\u2019en aller \u00e9galement: \u00ab Le club est clean, sain financi\u00e8rement et a retrouv\u00e9 une place en P1. J\u2019esp\u00e8re qu\u2019on poursuivra notre travail. \u00bb<\/p>\n","protected":false},"excerpt":{"rendered":"<p>Andenne n\u2019aura plus de pr\u00e9sident au terme de la saison<\/p>\n","protected":false},"template":"","class_list":["post-271","news","type-news","status-publish","hentry","newscat-event","newscat-lastnews","newscat-homepage","newscat-press"],"_links":{"self":[{"href":"https:\/\/www.footclubs.be\/rcsandennais\/wp-json\/wp\/v2\/api-news\/271","targetHints":{"allow":["GET"]}}],"collection":[{"href":"https:\/\/www.footclubs.be\/rcsandennais\/wp-json\/wp\/v2\/api-news"}],"about":[{"href":"https:\/\/www.footclubs.be\/rcsandennais\/wp-json\/wp\/v2\/types\/news"}],"wp:attachment":[{"href":"https:\/\/www.footclubs.be\/rcsandennais\/wp-json\/wp\/v2\/media?parent=271"}],"curies":[{"name":"wp","href":"https:\/\/api.w.org\/{rel}","templated":true}]}}