{"id":268,"date":"2019-10-03T01:53:07","date_gmt":"2019-10-02T23:53:07","guid":{"rendered":"https:\/\/www.footclubs.be\/rcsandennais\/?post_type=news&#038;p=268"},"modified":"2019-10-03T04:54:49","modified_gmt":"2019-10-03T02:54:49","slug":"kostic-andenne-b-peut-viser-le-top-cinq","status":"publish","type":"news","link":"https:\/\/www.footclubs.be\/rcsandennais\/news\/kostic-andenne-b-peut-viser-le-top-cinq\/","title":{"rendered":"Kostic : \u00ab\u00a0Andenne B peut viser le top cinq\u00a0\u00bb"},"content":{"rendered":"<p>&nbsp;<\/p>\n<p>&nbsp;<\/p>\n<p>&nbsp;<\/p>\n<p><strong>Yves , pouvez-vous nous expliquer ce choix de reprendre l&rsquo;\u00e9quipe il y a quelques semaines?\u00a0<\/strong><\/p>\n<p>Je suis Andennais depuis toujours . J&rsquo;ai d&rsquo;ailleurs jou\u00e9 pendant des ann\u00e9es chez les \u00a0\u00bb Oursons \u00ab\u00a0. J&rsquo;y ai aussi entra\u00een\u00e9 des \u00e9quipes d&rsquo;\u00e2ge, il y a quelques saisons. Suite \u00e0 des ennuis de sant\u00e9, j&rsquo;ai \u00e9t\u00e9 contraint d\u2019arr\u00eater mes activit\u00e9s, voici deux ou trois ans . Je suis all\u00e9 aider David Lombet \u00e0 Sclayn l&rsquo;an pass\u00e9, avant la faillite du club. Mais, comme j&rsquo;\u00e9tais toujours dans le comit\u00e9 d&rsquo;Andenne et, par amiti\u00e9 pour Philippe Rasquin, j&rsquo;ai accept\u00e9 la proposition de ce dernier de reprendre cette \u00e9quipe B. De plus, je connais pratiquement tous les joueurs qui composent cette formation, pour les avoir entra\u00een\u00e9s dans les \u00e9quipes de jeunes .<\/p>\n<p><b>Quelles sont\u00a0vos premi\u00e8res impressions ?<\/b><\/p>\n<p>J&rsquo;ai affaire \u00e0 une groupe tr\u00e8s r\u00e9ceptif, m\u00eame s&rsquo;il reste du travail au niveau du physique et de la discipline. Le fait que la majorit\u00e9 de ces joueurs soit Andennais est une bonne chose pour l&rsquo;image du club . C&rsquo;est bien pour le futur \u00e9galement.<\/p>\n<p><strong>La victoire face \u00e0 Ohey B est une performance de choix. M\u00e9rit\u00e9 ?<\/strong><\/p>\n<p>Pour moi, le nul aurait \u00e9t\u00e9 plus logique . De ce que j&rsquo;ai vu pour l&rsquo;instant , Ohey a la plus belle \u00e9quipe de la s\u00e9rie . C&rsquo;\u00e9tait un bon match de football, un derby plaisant \u00e0 regarder et d&rsquo;un niveau parfois sup\u00e9rieur \u00e0 la P4<\/p>\n<p><strong>Que peut viser Andenne, selon vous ?<\/strong><\/p>\n<p>Dans un premier temps, je veux stabiliser le groupe. Je pense que les qualit\u00e9s sont l\u00e0 et que nous pouvons viser les cinq premi\u00e8res places . Nous avons un bon groupe et, s&rsquo;il rester du travail, l&rsquo;avenir s\u2019annonce serein au sein de cette \u00e9quipe .<\/p>\n","protected":false},"excerpt":{"rendered":"<p>Depuis quelques semaines, Yves Kostic a repris les r\u00eanes d&rsquo;Andenne B. Ce dimanche son \u00e9quipe  a r\u00e9ussi \u00e0 s&rsquo;imposer face au leader invaincu de la s\u00e9rie, Ohey B ( 2-3). Une belle performance pour cet Andennais de c\u0153ur et ses joueurs .<\/p>\n","protected":false},"template":"","class_list":["post-268","news","type-news","status-publish","hentry","newscat-homepage","newscat-press"],"_links":{"self":[{"href":"https:\/\/www.footclubs.be\/rcsandennais\/wp-json\/wp\/v2\/api-news\/268","targetHints":{"allow":["GET"]}}],"collection":[{"href":"https:\/\/www.footclubs.be\/rcsandennais\/wp-json\/wp\/v2\/api-news"}],"about":[{"href":"https:\/\/www.footclubs.be\/rcsandennais\/wp-json\/wp\/v2\/types\/news"}],"wp:attachment":[{"href":"https:\/\/www.footclubs.be\/rcsandennais\/wp-json\/wp\/v2\/media?parent=268"}],"curies":[{"name":"wp","href":"https:\/\/api.w.org\/{rel}","templated":true}]}}