{"id":265,"date":"2019-08-23T13:01:09","date_gmt":"2019-08-23T11:01:09","guid":{"rendered":"https:\/\/www.footclubs.be\/rcsandennais\/?post_type=news&#038;p=265"},"modified":"2019-08-23T13:01:09","modified_gmt":"2019-08-23T11:01:09","slug":"challenge-jacky-arnold","status":"publish","type":"news","link":"https:\/\/www.footclubs.be\/rcsandennais\/news\/challenge-jacky-arnold\/","title":{"rendered":"Challenge Jacky ARNOLD"},"content":{"rendered":"<p>ROYAL CERCLE SPORTIF ANDENNAIS<br \/>\nASBL<\/p>\n<p>Le RCS Andennais a le plaisir de vous inviter \u00e0 son Challenge JACKY ARNOLD,<br \/>\nqui se d\u00e9roulera en salle du 21 au 29 d\u00e9cembre 2019, au Complexe sportif de Seilles,<br \/>\n40, rue Hendschel \u00e0 5300 Andenne.<br \/>\nVous trouverez ci-dessous, les horaires et cat\u00e9gories invit\u00e9es.<br \/>\nVotre participation en jeunes ou en s\u00e9niors nous ferait le plus grand plaisir.<\/p>\n<p>&nbsp;<\/p>\n<p style=\"text-align: center\">Samedi 21 : 10h.30\u2019 : U7<br \/>\n14h.00\u2019 : U8<br \/>\n17h.30\u2019 : S\u00e9niors<br \/>\n&#8212;&#8212;&#8212;&#8212;&#8212;&#8212;&#8212;&#8212;&#8212;&#8212;&#8212;&#8212;&#8212;&#8212;&#8212;&#8212;&#8212;&#8212;&#8212;&#8212;&#8211;<br \/>\nDimanche 22: 10h.30\u2019 : U9<br \/>\n14h.00\u2019 : U10<br \/>\n17h.30\u2019 : U17<br \/>\n&#8212;&#8212;&#8212;&#8212;&#8212;&#8212;&#8212;&#8212;&#8212;&#8212;&#8212;&#8212;&#8212;&#8212;&#8212;&#8212;&#8212;&#8212;&#8212;&#8212;&#8211;<br \/>\nJeudi 26 : 10h.30\u2019 : U11<br \/>\n14h.00\u2019 : U12<br \/>\n17h.30\u2019 : Dames<br \/>\n&#8212;&#8212;&#8212;&#8212;&#8212;&#8212;&#8212;&#8212;&#8212;&#8212;&#8212;&#8212;&#8212;&#8212;&#8212;&#8212;&#8212;&#8212;&#8212;&#8212;&#8211;<br \/>\nVendredi 27 : 10h.30\u2019 : U13<br \/>\n14h.00\u2019 : U14<br \/>\n17h.30\u2019 : U15<br \/>\n&#8212;&#8212;&#8212;&#8212;&#8212;&#8212;&#8212;&#8212;&#8212;&#8212;&#8212;&#8212;&#8212;&#8212;&#8212;&#8212;&#8212;&#8212;&#8212;&#8212;&#8211;<br \/>\nSamedi 28 : 10h.30\u2019 : U9<br \/>\n14h.00\u2019 : U10<br \/>\n17h.30\u2019 : S\u00e9niors<br \/>\n&#8212;&#8212;&#8212;&#8212;&#8212;&#8212;&#8212;&#8212;&#8212;&#8212;&#8212;&#8212;&#8212;&#8212;&#8212;&#8212;&#8212;&#8212;&#8212;&#8212;&#8211;<br \/>\nDimanche 29 : 10h.30\u2019 : U6 (U7 d\u00e9butants)<br \/>\n14h.00\u2019 : U16<br \/>\n17h.30\u2019 : V\u00e9t\u00e9rans<\/p>\n<p>&nbsp;<\/p>\n<p>Veuillez noter que la pr\u00e9sence des \u00e9quipes ne d\u00e9passera pas 3 heures.<\/p>\n<p>Nous vous remercions d\u00e9j\u00e0 de la bonne diffusion de la pr\u00e9sente \u00e0 chacun<br \/>\nde vos entraineurs et vous prions de recevoir, Monsieur le Pr\u00e9sident, Madame, Monsieur<br \/>\nles Administrateurs, Messieurs les entraineurs, l\u2019expression de nos salutations sportives.<br \/>\nPS : l\u2019inscription est totalement gratuite et les modalit\u00e9s vous parviendront d\u00e8s l\u2019inscription.<\/p>\n<p style=\"text-align: right\">Alain DHEUR<br \/>\nOrganisateur<br \/>\n0494\/790\/134<br \/>\nbarcelone@skynet.be<br \/>\nAdresse du tournoi<br \/>\nComplexe sportif de Seilles,<br \/>\n40, rue<\/p>\n","protected":false},"excerpt":{"rendered":"<p>ROYAL CERCLE SPORTIF ANDENNAIS ASBL Le RCS Andennais a le plaisir de vous inviter \u00e0 son Challenge JACKY ARNOLD, qui se d\u00e9roulera en salle du 21 au 29 d\u00e9cembre 2019, au Complexe sportif de Seilles, 40, rue Hendschel \u00e0 5300 Andenne. Vous trouverez ci-dessous, les horaires et cat\u00e9gories invit\u00e9es. Votre participation en jeunes ou en [&hellip;]<\/p>\n","protected":false},"template":"","class_list":["post-265","news","type-news","status-publish","hentry","newscat-advert","newscat-event"],"_links":{"self":[{"href":"https:\/\/www.footclubs.be\/rcsandennais\/wp-json\/wp\/v2\/api-news\/265","targetHints":{"allow":["GET"]}}],"collection":[{"href":"https:\/\/www.footclubs.be\/rcsandennais\/wp-json\/wp\/v2\/api-news"}],"about":[{"href":"https:\/\/www.footclubs.be\/rcsandennais\/wp-json\/wp\/v2\/types\/news"}],"wp:attachment":[{"href":"https:\/\/www.footclubs.be\/rcsandennais\/wp-json\/wp\/v2\/media?parent=265"}],"curies":[{"name":"wp","href":"https:\/\/api.w.org\/{rel}","templated":true}]}}