{"id":229,"date":"2019-06-03T17:46:50","date_gmt":"2019-06-03T15:46:50","guid":{"rendered":"https:\/\/www.footclubs.be\/rcsandennais\/?post_type=news&#038;p=229"},"modified":"2019-06-03T17:46:50","modified_gmt":"2019-06-03T15:46:50","slug":"la-renaissance-du-rcs-andenne","status":"publish","type":"news","link":"https:\/\/www.footclubs.be\/rcsandennais\/news\/la-renaissance-du-rcs-andenne\/","title":{"rendered":"La renaissance du RCS Andenne"},"content":{"rendered":"<p>&nbsp;<\/p>\n<p>Lorsqu\u2019il prend les rennes d\u2019Andenne l\u2019ambition est claire: \u00abRecr\u00e9er une structure pour les jeunes\u00bb. D\u2019entr\u00e9e de jeu, la t\u00e2che n\u2019a pas \u00e9t\u00e9 facile: \u00abCela a \u00e9t\u00e9 un gros travail\u00bb. Pour atteindre ses objectifs, Philippe Rasquin a d\u00fb s\u2019entourer: \u00abDes personnes comme Olivier Davin, le nouveau pr\u00e9sident des jeunes, qui est enseignant \u00e0 Sainte-Begge. Il a fait de l\u2019excellent travail avec son \u00e9quipe\u00bb. Toutes ces personnes ont mis en commun leurs comp\u00e9tences pour redresser l\u2019\u00e9cole des jeunes du RCS Andenne, avec succ\u00e8s: \u00abOn a tr\u00e8s bien avanc\u00e9. Nous avons obtenu le label 3 d\u2019excellence. C\u2019est un gros point positif\u00bb. R\u00e9cemment, l\u2019ACFF, Association des Clubs Francophones de Football, a \u00e9tabli un classement des meilleurs clubs formateurs de la province. Andenne tr\u00f4ne \u00e0 la 13e position, une preuve des avanc\u00e9es du club \u00e0 ce niveau. Si la formation des jeunes avance dans la bonne direction, c\u2019est aussi le cas de l\u2019\u00e9quipe premi\u00e8re qui a r\u00e9alis\u00e9 une saison remarquable avec la promotion en P1 \u00e0 la cl\u00e9. L\u2019ann\u00e9e prochaine, les Rouges et Noirs \u00e9volueront \u00e0 un \u00e9chelon sup\u00e9rieur. Pour le pr\u00e9sident du club, c\u2019est un minimum: \u00abMon r\u00eave c\u2019est de retrouver au moins la division 3 amateurs. J\u2019estime qu\u2019une ville comme Andenne, de bient\u00f4t 30 000 habitants, doit \u00eatre repr\u00e9sent\u00e9e \u00e0 ce niveau\u00bb. Malgr\u00e9 tout, Philippe Rasquin reste r\u00e9aliste: \u00abIl faut faire avec nos moyens. Pour moi, budg\u00e9tairement parlant, nous pouvons tenir la route dans le ventre mou de la P1. Pour monter plus haut, il nous faudrait un apport ext\u00e9rieur\u00bb. Un beau d\u00e9fi pour le RCS Andenne qui attend un maximum de personnes sur les bords du terrain l\u2019ann\u00e9e prochaine.<\/p>\n<p>&nbsp;<\/p>\n<p>Source : LAVENIR &#8211; https:\/\/www.lavenir.net\/cnt\/dmf20190603_01343088\/la-renaissance-du-rcs-andenne?pid=4433541 &#8211;<\/p>\n","protected":false},"excerpt":{"rendered":"<p>Le RCS Andenne est un club qui a connu de nombreuses gal\u00e8res, mais depuis quelques ann\u00e9es, les oursons rel\u00e8vent la t\u00eate. A la direction du club depuis 7 ans, Philippe Rasquin, lui-m\u00eame un ancien joueur des Rouges et Noirs.<\/p>\n","protected":false},"template":"","class_list":["post-229","news","type-news","status-publish","hentry","newscat-homepage","newscat-press"],"_links":{"self":[{"href":"https:\/\/www.footclubs.be\/rcsandennais\/wp-json\/wp\/v2\/api-news\/229","targetHints":{"allow":["GET"]}}],"collection":[{"href":"https:\/\/www.footclubs.be\/rcsandennais\/wp-json\/wp\/v2\/api-news"}],"about":[{"href":"https:\/\/www.footclubs.be\/rcsandennais\/wp-json\/wp\/v2\/types\/news"}],"wp:attachment":[{"href":"https:\/\/www.footclubs.be\/rcsandennais\/wp-json\/wp\/v2\/media?parent=229"}],"curies":[{"name":"wp","href":"https:\/\/api.w.org\/{rel}","templated":true}]}}