{"id":219,"date":"2019-05-14T06:00:20","date_gmt":"2019-05-14T04:00:20","guid":{"rendered":"https:\/\/www.footclubs.be\/rcsandennais\/?post_type=news&#038;p=219"},"modified":"2019-05-14T23:49:53","modified_gmt":"2019-05-14T21:49:53","slug":"interview-inter-saison-du-president","status":"publish","type":"news","link":"https:\/\/www.footclubs.be\/rcsandennais\/news\/interview-inter-saison-du-president\/","title":{"rendered":"Interview inter-saison du Pr\u00e9sident !"},"content":{"rendered":"<p>Philippe, que se passe t&rsquo;il \u00e0 Andenne ?<\/p>\n<p><em>Les joueurs ne se rendent pas compte qu\u2019ils ne sont qu&rsquo;en P2 et demain en P1.<\/em><em>Je ne veux pas hypoth\u00e9quer la vie du club en acceptant leur demande.<\/em><em>Ce n&rsquo;est pas parce qu&rsquo;on monte d&rsquo;une division qu&rsquo;on doit demander le double, voir bien plus, de ce qu&rsquo;on avait en P2. Franchement, chez certains, c&rsquo;est limite ind\u00e9cent. On ne parle plus de sportif mais bien le financier prend le dessus . Je ne m&rsquo;amuse plus .\u00a0<\/em><\/p>\n<p>Cela vous surprend ?<\/p>\n<p><em>Oui quand m\u00eame je suis dans le foot depuis tr\u00e8s longtemps et je n&rsquo;ai jamais v\u00e9cu \u00e7a je ne sais plus discuter avec les joueurs nous b\u00e9n\u00e9voles en d\u00e9pense de l&rsquo;argent et on se fait crever pour faire vivre le club. maintenant on doit m\u00eame donner des tickets boissons aux joueurs pour qu&rsquo;ils repassent \u00e0 la buvette ! <\/em><br \/>\n<em>Qu&rsquo;on gagne un peu d&rsquo;argent avec le foot c&rsquo;est normal mais il y a un minimum de d\u00e9cence quand m\u00eame.<\/em><\/p>\n<p>Andenne jouera en P1 avec une \u00e9quipe comp\u00e9titive ?<\/p>\n<p><em>Oui, je n&rsquo;ai pas peur, on aura une \u00e9quipe pour jouer un bon championnat. Mais c&rsquo;est tr\u00e8s clair, sans apport d&rsquo;argent de l&rsquo;ext\u00e9rieur, on ne peut pas envisager plus maintenant. Ce n&rsquo;est pas un secret, j&rsquo;avais d&rsquo;ailleurs sollicit\u00e9 Jean Claude Bodart.<\/em><br \/>\n<em>Une monte en D3, actuellement on ne peut pas l&rsquo;envisager. A Andenne , assumer nos responsabilit\u00e9s et tenir nos engagements. Pas question qu&rsquo;un joueur s&rsquo;en aille sans avoir re\u00e7u ce qui avait \u00e9t\u00e9 convenu en d\u00e9but de saison.<\/em><\/p>\n<p>Carmine Pacella restera t&rsquo;il si l&rsquo;\u00e9quipe explose ?<\/p>\n<p><em>J&rsquo;esp\u00e8re car il avait dit qu&rsquo;il partirait si on ne montait pas . Je l&rsquo;appr\u00e9cie, il effectue du bon boulot il nous donne satisfaction. Sportivement, il a les pleins pouvoirs. Quand j&rsquo;entra\u00eenais, je ne voulais pas qu&rsquo;on s&rsquo;occupe de mes affaires. En tant que pr\u00e9sident, je reste donc bien \u00e0 ma place. Mais il \u00e9tait en vacances ces derniers jours, on le voit ce soir pour faire le point. On y verra plus clair cette semaine.<\/em><\/p>\n<p><strong>En vacance \u00e0 l\u2019\u00e9tranger ces derniers jour, Carmine Pacella a pris un peu de recul . Mais il est tr\u00e8s clair avant sa rencontre avec les dirigeant andennais : J&rsquo;avais un accord de deux ans, avec l&rsquo;objectif de monter . Mais si les dirigeants ont chang\u00e9 leur fusil d&rsquo;\u00e9paule et ne veulent pas construire une \u00e9quipe comp\u00e9titive, pour la P1, je laisserai ma place pour rester \u00e0 la maison. On a entendu beaucoup de rumeurs \u00e0 droite \u00e0 gauche depuis le titre . Certains joueurs sont trop gourmands ? Ils \u00e9taient d\u00e9j\u00e0 bien g\u00e2t\u00e9s en P2 et je ne sais pas ce qu&rsquo;ils ont r\u00e9clam\u00e9 en plus . J&rsquo;aimerais bien pouvoir conserver certains cadres malgr\u00e9 tout . Avec du dialogue et en jouant carte sur table, j\u2019esp\u00e8re qu&rsquo;on trouvera une solution.<\/strong><\/p>\n<p>&nbsp;<\/p>\n","protected":false},"excerpt":{"rendered":"<p>Philippe, que se passe t&rsquo;il \u00e0 Andenne ? Les joueurs ne se rendent pas compte qu\u2019ils ne sont qu&rsquo;en P2 et demain en P1.Je ne veux pas hypoth\u00e9quer la vie du club en acceptant leur demande.Ce n&rsquo;est pas parce qu&rsquo;on monte d&rsquo;une division qu&rsquo;on doit demander le double, voir bien plus, de ce qu&rsquo;on avait [&hellip;]<\/p>\n","protected":false},"template":"","class_list":["post-219","news","type-news","status-publish","hentry","newscat-lastnews","newscat-homepage"],"_links":{"self":[{"href":"https:\/\/www.footclubs.be\/rcsandennais\/wp-json\/wp\/v2\/api-news\/219","targetHints":{"allow":["GET"]}}],"collection":[{"href":"https:\/\/www.footclubs.be\/rcsandennais\/wp-json\/wp\/v2\/api-news"}],"about":[{"href":"https:\/\/www.footclubs.be\/rcsandennais\/wp-json\/wp\/v2\/types\/news"}],"wp:attachment":[{"href":"https:\/\/www.footclubs.be\/rcsandennais\/wp-json\/wp\/v2\/media?parent=219"}],"curies":[{"name":"wp","href":"https:\/\/api.w.org\/{rel}","templated":true}]}}