{"id":214,"date":"2019-05-09T22:56:57","date_gmt":"2019-05-09T20:56:57","guid":{"rendered":"https:\/\/www.footclubs.be\/rcsandennais\/?post_type=news&#038;p=214"},"modified":"2019-05-11T19:37:04","modified_gmt":"2019-05-11T17:37:04","slug":"conclusion-de-cette-fin-de-saison-2018-2019","status":"publish","type":"news","link":"https:\/\/www.footclubs.be\/rcsandennais\/news\/conclusion-de-cette-fin-de-saison-2018-2019\/","title":{"rendered":"Conclusion de cette fin de saison 2018 &#8211; 2019"},"content":{"rendered":"<p>&nbsp;<\/p>\n<p>&nbsp;<\/p>\n<p>En cette fin de saison riche en \u00e9motions et en troph\u00e9es pour l&rsquo;entit\u00e9 Andennaise,<\/p>\n<p>il est important de faire le point sur cette ann\u00e9e footballistique .<\/p>\n<p>&nbsp;<\/p>\n<p>Commen\u00e7ons d&rsquo;abord pour l<em><strong>&lsquo;Entente des Jeunes Footballeur<\/strong><\/em><em><strong>s Andennais<\/strong><\/em> renomm\u00e9 r\u00e9cemment l&rsquo;<em><strong>Entente Jeunesse Football Andenne &#8211; Petit Waret<\/strong><\/em>\u00a0qui , gr\u00e2ce aux travailles du comit\u00e9s, tant\u00f4t sous la houlette de Claudy Botron , maintenant sous les ordres d&rsquo;Olivier Davin vient d&rsquo;obtenir pour la saison 2019 &#8211; 2020 le Label 3 \u00e9toiles .\u00a0Ce Label va permettre d&rsquo;aligner des provinciaux depuis les U10 jusqu&rsquo;aux U17 .Le label s&rsquo;obtient sur\u00a0le potentiel et la qualit\u00e9 de formation des clubs.En obtenant ce label, L&rsquo;EJFA rejoint des formations namuroises telles que Couvain-Mariembourg &#8211; Ciney &#8211; Onhaye &#8211; Meux &#8211; Arquet &#8211; Jeunesse Tamines<\/p>\n<p>&nbsp;<\/p>\n<p>&nbsp;<\/p>\n<p>Les Biwack du\u00a0<em><strong>SC Petit-Waret<\/strong> <\/em>qui remportent le championnat en 4e provinciale sans trop de difficult\u00e9 terminant avec 9 points d&rsquo;avance sur le 2e .<\/p>\n<p>&nbsp;<\/p>\n<p>&nbsp;<\/p>\n<p>En ce qui concerne le<em><strong> Rcs Andennais<\/strong><\/em>, le but \u00e9tant de retrouver l&rsquo;\u00e9lite , c&rsquo;est chose faite ! Nouvelle \u00e9quipe comp\u00e9titive, nouveau staff, les ambitions \u00e9taient affich\u00e9es d\u00e8s le d\u00e9but de la saison.\u00a0 Il a tout de m\u00eame fallu attendre le dernier match contre une belle \u00e9quipe de Malonne pour f\u00eater le titre . Cerise sur le g\u00e2teau, cette \u00e9quipe souvent assign\u00e9e \u00e0 des \u00a0\u00bb Mercenaires \u00a0\u00bb durant la saison parvient \u00e0 r\u00e9aliser un doubl\u00e9 historique pour le club en remportant la coupe de la province . La derni\u00e8re victoire en coupe de la province date de 1962 .<\/p>\n<p>&nbsp;<\/p>\n<p>&nbsp;<\/p>\n<p>Nouvelle \u00e9quipe \u00e9galement pour la seconde \u00e9quipe d&rsquo;Andenne qui termine le championnat \u00e0 la 10e position. A noter que cette \u00e9quipe B \u00e0 \u00e9voluer dans le m\u00eame championnat que Petit-Waret .<\/p>\n<p>N&rsquo;oublions pas nos Ladies qui ont terminer la saison en Play-Off 2 avec une s\u00e9rie de 12 matchs\u00a0( comp\u00e9tition r\u00e9guli\u00e8re +Play-Off )\u00a0 sans d\u00e9faite !\u00a0 La saison prochaine est plut\u00f4t prometteuse ! F\u00e9licitation \u00e0 elles !<\/p>\n<p>Rendez-vous dans quelques mois sur le bord des terrains !<\/p>\n<p>&nbsp;<\/p>\n<p style=\"text-align: right\">Photo : LAVENIR<\/p>\n","protected":false},"excerpt":{"rendered":"<p>Revenons un peu sur cette saison en plusieurs points.<\/p>\n<p>EJFA &#8211; Petit &#8211; Waret &#8211; Rcs Andennais <\/p>\n","protected":false},"template":"","class_list":["post-214","news","type-news","status-publish","hentry","newscat-lastnews"],"_links":{"self":[{"href":"https:\/\/www.footclubs.be\/rcsandennais\/wp-json\/wp\/v2\/api-news\/214","targetHints":{"allow":["GET"]}}],"collection":[{"href":"https:\/\/www.footclubs.be\/rcsandennais\/wp-json\/wp\/v2\/api-news"}],"about":[{"href":"https:\/\/www.footclubs.be\/rcsandennais\/wp-json\/wp\/v2\/types\/news"}],"wp:attachment":[{"href":"https:\/\/www.footclubs.be\/rcsandennais\/wp-json\/wp\/v2\/media?parent=214"}],"curies":[{"name":"wp","href":"https:\/\/api.w.org\/{rel}","templated":true}]}}