{"id":123,"date":"2018-06-16T13:56:02","date_gmt":"2018-06-16T11:56:02","guid":{"rendered":"https:\/\/www.footclubs.be\/rcsandennais\/?post_type=news&#038;p=123"},"modified":"2018-06-16T13:56:02","modified_gmt":"2018-06-16T11:56:02","slug":"bonne-nouvelle-pour-les-gardiens-de-la-region-namuroise","status":"publish","type":"news","link":"https:\/\/www.footclubs.be\/rcsandennais\/news\/bonne-nouvelle-pour-les-gardiens-de-la-region-namuroise\/","title":{"rendered":"Bonne nouvelle pour les gardiens de la r\u00e9gion namuroise!"},"content":{"rendered":"<p>Bonne nouvelle pour nos gardiens et ceux de toute la r\u00e9gion Namuroise, nous pouvons dire officiellement qu\u2019une acad\u00e9mie Guillaume Hubert sera pr\u00e9sente dans nos installations a partir de septembre 2018 le lundi de plus amples renseignements tr\u00e8s bient\u00f4t!<\/p>\n","protected":false},"excerpt":{"rendered":"<p>Bonne nouvelle pour nos gardiens et ceux de toute la r\u00e9gion Namuroise, nous pouvons dire officiellement qu\u2019une acad\u00e9mie Guillaume Hubert sera pr\u00e9sente dans nos installations a partir de septembre 2018 le lundi de plus amples renseignements tr\u00e8s bient\u00f4t!<\/p>\n","protected":false},"template":"","class_list":["post-123","news","type-news","status-publish","hentry","newscat-advert","newscat-event","newscat-lastnews","newscat-homepage"],"_links":{"self":[{"href":"https:\/\/www.footclubs.be\/rcsandennais\/wp-json\/wp\/v2\/api-news\/123","targetHints":{"allow":["GET"]}}],"collection":[{"href":"https:\/\/www.footclubs.be\/rcsandennais\/wp-json\/wp\/v2\/api-news"}],"about":[{"href":"https:\/\/www.footclubs.be\/rcsandennais\/wp-json\/wp\/v2\/types\/news"}],"wp:attachment":[{"href":"https:\/\/www.footclubs.be\/rcsandennais\/wp-json\/wp\/v2\/media?parent=123"}],"curies":[{"name":"wp","href":"https:\/\/api.w.org\/{rel}","templated":true}]}}