{"id":3309,"date":"2025-11-29T16:07:23","date_gmt":"2025-11-29T15:07:23","guid":{"rendered":"https:\/\/www.footclubs.be\/kosova\/?post_type=news&#038;p=3309"},"modified":"2025-11-29T16:07:23","modified_gmt":"2025-11-29T15:07:23","slug":"le-kosova-veut-rebondir-de-suite-a-biesme","status":"publish","type":"news","link":"https:\/\/www.footclubs.be\/kosova\/news\/le-kosova-veut-rebondir-de-suite-a-biesme\/","title":{"rendered":"Le Kosova veut rebondir de suite \u00e0 Biesme"},"content":{"rendered":"<div class=\"para\">Revenu \u00e0 deux reprises au score face \u00e0 <strong>Saint-Ghilsain<\/strong> <strong>Tertre-Hautrage<\/strong>, le <strong>Kosova<\/strong> a finalement d\u00fb rendre les armes en fin de rencontre sur un fait de jeu.<strong> \u00ab\u00a0Par deux fois, nous avons vu notre adverse prendre l\u2019avantage et par deux fois nous avons su revenir. Si le 0-1 est tomb\u00e9 lors du temps fort adverse en d\u00e9but de match, le 1-2 survient sur une petite erreur de notre dernier rempart en d\u00e9but de seconde p\u00e9riode. Cela peut arriver. Malgr\u00e9 tout, le second acte \u00e9tait clairement en notre faveur. On a su faire 2-2 \u00e0 l\u2019aube des dix derni\u00e8res minutes sur un exploit individuel de Reda (NDLR\u00a0: Benslimane) et on sentait bien qu\u2019il y avait la place pour tenir ce partage et m\u00eame aller cherche le succ\u00e8s face \u00e0 l\u2019un des gros morceaux de la s\u00e9rie\u00a0\u00bb<\/strong>, rappelle <strong>Mehmet Can<\/strong>.<\/div>\n<div class=\"para\"><strong>\u00ab\u00a0Dans la foul\u00e9e de notre \u00e9galisation, il y a ce contact entre Diallo (NDLR\u00a0: Mamadou Bhoye) et un joueur adverse dans la surface et \u00e0 partir de ce fait de jeu, tout vole en \u00e9clat. On se retrouve \u00e0 dix avec l\u2019exclusion de notre co\u00e9quipier qui est \u00e9vacu\u00e9 sur civi\u00e8re et notre adversaire profite du penalty pour repasser devant au score. Le 2-4 est anecdotique alors que nous jouons \u00e0 9 contre 11. Il y a beaucoup de frustration car nous avons tenu la drag\u00e9e haute \u00e0 une formation du top de la s\u00e9rie pendant une grande partie des d\u00e9bats.\u00a0\u00bb<\/strong><\/div>\n<div class=\"para\">Sur une dynamique positive avec notamment sa plus large victoire de la saison \u00e0 Monceau, le groupe schaerbeekois a donc vu sa bonne s\u00e9rie en cours prendre fin.<\/div>\n<div class=\"subhead\">\n<h3 class=\"para\">Coup d\u2019arr\u00eat<\/h3>\n<\/div>\n<div class=\"para\">L\u2019ambition sera de rectifier le tir ce dimanche \u00e0<strong> Biesme<\/strong> face au 5e du classement qui totalise 4 unit\u00e9s (21) de plus que le <strong>Kosova<\/strong> (<strong>10e avec 17 points<\/strong>).<strong> \u00ab\u00a0Nous \u00e9tions engag\u00e9s dans une bonne spirale avec quatre matches sans conna\u00eetre le revers, mais notre s\u00e9rie a pris fin. Une saison est faite de haut et de bas, \u00e0 nous de faire en sorte de conna\u00eetre plus de r\u00e9sultats positifs. La d\u00e9faite fait partie du football et l\u2019important sera de voir comment nous allons pouvoir r\u00e9agir. Notre objectif est de parvenir \u00e0 rebondir tout de suite apr\u00e8s notre dernier r\u00e9sultat. Ce d\u00e9placement \u00e0 Biesme ne sera pas \u00e9vident, mais nous avons les armes pour revendiquer quelque chose sur le terrain d\u2019un membre du top 5\u00a0\u00bb<\/strong>, confie l\u2019\u00e9l\u00e9ment d\u00e9fensif.<\/div>\n<div class=\"subhead\">\n<h3 class=\"para\">Composer avec les absences<\/h3>\n<\/div>\n<div class=\"para\">Pour ce d\u00e9placement, le <strong>Kosova<\/strong> va notamment devoir composer avec les absences de <strong>Severa<\/strong>, <strong>Diallo<\/strong> et<strong> Radman<\/strong>. <strong>\u00ab\u00a0Samir s\u2019est fait op\u00e9rer r\u00e9cemment apr\u00e8s sa blessure survenue \u00e0 Monceau. Il faudra \u00e9galement composer sans Diallo et Mario (NDLR\u00a0: Radman) qui seront suspendus apr\u00e8s le rouge pris lors du dernier match. Ce sont des \u00e9l\u00e9ments importants de notre groupe, mais nous avons un noyau assez qualitatif pour pallier ces absences. Depuis le d\u00e9but de la saison, on doit composer avec les absences pour blessures ou suspensions. Ce n\u2019est donc pas nouveau et m\u00eame si nous devons bricoler, je suis s\u00fbr que les gars pr\u00e9sents ce week-end vont parfaitement faire le job\u00a0\u00bb<\/strong>, ponctue<strong> Can.<\/strong><\/div>\n<div>\n<div class=\"para\"><strong>P-A. H<\/strong>. (<strong>SudInfo<\/strong>)<\/div>\n<\/div>\n<div><\/div>\n<div><\/div>\n","protected":false},"excerpt":{"rendered":"<p>Revenu \u00e0 deux reprises au score face \u00e0 Saint-Ghilsain Tertre-Hautrage, le Kosova a finalement d\u00fb rendre les armes en fin de rencontre sur un fait de jeu. \u00ab\u00a0Par deux fois, nous avons vu notre adverse prendre l\u2019avantage et par deux fois nous avons su revenir. Si le 0-1 est tomb\u00e9 lors du temps fort adverse [&hellip;]<\/p>\n","protected":false},"template":"","class_list":["post-3309","news","type-news","status-publish","hentry","newscat-homepage","newscat-press"],"_links":{"self":[{"href":"https:\/\/www.footclubs.be\/kosova\/wp-json\/wp\/v2\/api-news\/3309","targetHints":{"allow":["GET"]}}],"collection":[{"href":"https:\/\/www.footclubs.be\/kosova\/wp-json\/wp\/v2\/api-news"}],"about":[{"href":"https:\/\/www.footclubs.be\/kosova\/wp-json\/wp\/v2\/types\/news"}],"wp:attachment":[{"href":"https:\/\/www.footclubs.be\/kosova\/wp-json\/wp\/v2\/media?parent=3309"}],"curies":[{"name":"wp","href":"https:\/\/api.w.org\/{rel}","templated":true}]}}