{"id":3296,"date":"2025-11-07T18:37:21","date_gmt":"2025-11-07T17:37:21","guid":{"rendered":"https:\/\/www.footclubs.be\/kosova\/?post_type=news&#038;p=3296"},"modified":"2025-11-07T18:37:21","modified_gmt":"2025-11-07T17:37:21","slug":"d3a-solide-fin-de-premier-tour-pour-le-kosova-schaerbeek-cela-va-permettre-de-voir-ou-nous-en-sommes","status":"publish","type":"news","link":"https:\/\/www.footclubs.be\/kosova\/news\/d3a-solide-fin-de-premier-tour-pour-le-kosova-schaerbeek-cela-va-permettre-de-voir-ou-nous-en-sommes\/","title":{"rendered":"D3A | Solide fin de premier tour pour le Kosova Schaerbeek : \u00ab Cela va permettre de voir o\u00f9 nous en sommes \u00bb"},"content":{"rendered":"<p>Apr\u00e8s un week-end bye,\u00a0le<strong> Kosova<\/strong> a repris son championnat par un partage sur le terrain d\u2019<strong>Aische<\/strong> samedi dernier.\u00a0<strong>\u00ab\u00a0Il y a forc\u00e9ment de la d\u00e9ception par rapport \u00e0 notre dernier r\u00e9sultat. Il y avait vraiment la place pour l\u2019emporter lors de notre dernier d\u00e9placement. Nous avons su ouvrir le score peu apr\u00e8s la demi-heure de jeu, mais malgr\u00e9 nos opportunit\u00e9s nous n\u2019avons pas su faire le break. Aische en a profit\u00e9 pour \u00e9galiser dans le dernier quart d\u2019heure. Nous avons domin\u00e9 ce match et il nous reste donc un go\u00fbt de trop peu\u00a0\u00bb<\/strong>, explique <strong>Driton Panxha<\/strong>.<\/p>\n<h3 class=\"sub-head\">De retour aux affaires<\/h3>\n<p>Non pr\u00e9sent sur la feuille de match\u00a0lors du succ\u00e8s des siens \u00e0 domicile face \u00e0 <strong>Andenne Evelette<\/strong> le 19 octobre dernier, le piston a retrouv\u00e9 sa place dans le onze schaerbeekois le week-end dernier. <strong>\u00ab\u00a0C\u2019\u00e9tait une petite g\u00eane qui m\u2019a emp\u00each\u00e9 de tenir ma place face \u00e0 Andenne. Avec notre week-end bye avant Aische, j\u2019ai pu profiter de deux semaines pour soigner cela. J\u2019ai pu disputer l\u2019int\u00e9gralit\u00e9 de la rencontre le week-end dernier et cela fait forc\u00e9ment plaisir. Les sensations \u00e9taient bonnes, j\u2019esp\u00e8re que cela va continuer ainsi. En tant que comp\u00e9titeur, chacun souhaite jouer un maximum\u00a0\u00bb<\/strong>, assure l\u2019int\u00e9ress\u00e9.<\/p>\n<h3 class=\"sub-head\">Calendrier relev\u00e9<\/h3>\n<p>Dans les prochaines semaines, le <strong>Kosova<\/strong> va cons\u00e9cutivement affronter six formations du <strong>top 8<\/strong> au classement actuel de sa s\u00e9rie. Dans l\u2019ordre, les joueurs de <strong>Nassez Ouertani<\/strong> vont affronter <strong>PAC Buzet<\/strong> (<strong>6e<\/strong>), se rendre \u00e0 <strong>Monceau<\/strong> (<strong>8e<\/strong>), accueillir l\u2019<strong>USGTH<\/strong> (<strong>1er<\/strong>), aller \u00e0 <strong>Biesme<\/strong> (<strong>4e<\/strong>), recevoir la <strong>RAAL B<\/strong> (<strong>7e<\/strong>) et enfin finir <strong>2025<\/strong> par un d\u00e9placement au<strong> Stade Mouscronnois<\/strong> (<strong>2e<\/strong>). Cette fin de premi\u00e8re tour s\u2019annonce comme un bon d\u00e9fi pour les promus. <strong>\u00ab\u00a0Cela sera clairement une p\u00e9riode int\u00e9ressante avec plusieurs confrontations face \u00e0 des \u00e9quipes de la colonne de gauche de notre s\u00e9rie. Cela va permettre de voir o\u00f9 nous en sommes. Si le maintien reste notre objectif prioritaire, nous esp\u00e9rons forc\u00e9ment pouvoir nous faire une place dans cette premi\u00e8re partie de tableau avec pourquoi pas la possibilit\u00e9 de nous rapprocher du top 5\u00a0\u00bb<\/strong>, confie le jeune joueur n\u00e9 en 2005.<\/p>\n<p><strong>\u00ab\u00a0Nous savons qu\u2019un gros mois et demi nous attend et nous sommes pr\u00eats pour nos futures \u00e9ch\u00e9ances. Nous devrons parvenir \u00e0 bien n\u00e9gocier nos prochains rendez-vous \u00e0 commencer par notre match de ce week-end. Nous allons jouer une formation qui ne compte que trois points de plus au classement, c\u2019est donc l\u2019occasion de revenir \u00e0 hauteur de notre adversaire de ce dimanche\u00a0\u00bb<\/strong>, conclut <strong>Panxha<\/strong>.<\/p>\n<address><strong>Par P-A. H.<\/strong>\u00a0Publi\u00e9 le 07\/11\/2025 \u00e0 16:00<\/address>\n","protected":false},"excerpt":{"rendered":"<p>D\u2019ici mi-d\u00e9cembre, la formation titr\u00e9e l\u2019an pass\u00e9 en P1 va affronter six formations du top 8 actuel de D3A. Une adversit\u00e9 \u00e0 laquelle le Kosova est pr\u00eat \u00e0 r\u00e9pondre.<\/p>\n","protected":false},"template":"","class_list":["post-3296","news","type-news","status-publish","hentry","newscat-homepage","newscat-press"],"_links":{"self":[{"href":"https:\/\/www.footclubs.be\/kosova\/wp-json\/wp\/v2\/api-news\/3296","targetHints":{"allow":["GET"]}}],"collection":[{"href":"https:\/\/www.footclubs.be\/kosova\/wp-json\/wp\/v2\/api-news"}],"about":[{"href":"https:\/\/www.footclubs.be\/kosova\/wp-json\/wp\/v2\/types\/news"}],"wp:attachment":[{"href":"https:\/\/www.footclubs.be\/kosova\/wp-json\/wp\/v2\/media?parent=3296"}],"curies":[{"name":"wp","href":"https:\/\/api.w.org\/{rel}","templated":true}]}}