{"id":3292,"date":"2025-10-31T15:19:31","date_gmt":"2025-10-31T14:19:31","guid":{"rendered":"https:\/\/www.footclubs.be\/kosova\/?post_type=news&#038;p=3292"},"modified":"2025-10-31T15:19:31","modified_gmt":"2025-10-31T14:19:31","slug":"d3a-acff-le-kosova-veut-confirmer-a-aische","status":"publish","type":"news","link":"https:\/\/www.footclubs.be\/kosova\/news\/d3a-acff-le-kosova-veut-confirmer-a-aische\/","title":{"rendered":"D3A ACFF : Le Kosova veut confirmer \u00e0 Aische"},"content":{"rendered":"<div class=\"para\">Apr\u00e8s deux courtes d\u00e9faites face \u00e0 des membres du<strong> top 5<\/strong> (<strong>NDLR\u00a0: 2-1 \u00e0 La Louvi\u00e8re Centre et 1-2 face \u00e0 l\u2019Arquet \u00e0 domicile<\/strong>), les Schaerbeekois ont donc renou\u00e9 avec la victoire. <strong>\u00ab\u00a0C\u2019\u00e9tait important de ne pas nous incliner lors de notre dernier match afin de ne pas nous retrouver dans une situation o\u00f9 nous allions rester l\u00e0-dessus durant deux semaines. Nous avons su l\u2019emporter et cela a insuffl\u00e9 de la confiance au sein du groupe apr\u00e8s deux prestations durant lesquelles nous n\u2019avions pas \u00e9t\u00e9 r\u00e9compens\u00e9s de nos efforts. Nous avons donc pu travailler sereinement\u00a0\u00bb<\/strong>, estime <strong>Reda Benslimane<\/strong>.<\/div>\n<div class=\"subhead\">\n<h3 class=\"para\">Retrouver le chemin des filets<\/h3>\n<\/div>\n<div class=\"para\">Lors du succ\u00e8s face \u00e0 <strong>Andenne<\/strong>, l\u2019\u00e9l\u00e9ment offensif du <strong>Kosova<\/strong> avait su convertir les deux penalties obtenus par ses couleurs. <strong>\u00ab\u00a0Nous marquons sur deux penalties, mais encore faut-il les provoquer et les convertir. Nous avons su mettre la pression sur la d\u00e9fense adverse qui a commis des fautes de son rectangle.\u00a0\u00bb<\/strong><\/div>\n<div class=\"para\"><strong>Benslimane<\/strong> a pris par deux fois ses responsabilit\u00e9s. <strong>\u00ab\u00a0Sur ma premi\u00e8re tentative, je tire au sol sur la droite. Le gardien part du bon c\u00f4t\u00e9, mais heureusement il ne parvient pas \u00e0 intervenir. Cela m\u2019a fait du bien de marquer car je restais sur deux matches sans trouver le chemin des filets. Nous avons donc su ouvrir le score, mais nous avons ensuite conc\u00e9d\u00e9 un but l\u2019\u00e9galisation sur une phase arr\u00eat\u00e9e. Nous obtenons le second penalty au tout d\u00e9but de la seconde p\u00e9riode. J\u2019\u00e9tais en confiance apr\u00e8s mon premier but et avant de tirer j\u2019avais d\u00e9j\u00e0 marqu\u00e9 dans ma t\u00eate. J\u2019ai donc trouv\u00e9 la lucarne pour nous permettre de reprendre l\u2019avantage. Par la suite, nous avons su tenir le coup pour renouer avec la victoire.\u00a0\u00bb<\/strong><\/div>\n<div class=\"subhead\">\n<h3 class=\"para\">Confirmer \u00e0 Aische<\/h3>\n<\/div>\n<div class=\"para\">Ce samedi soir, le <strong>Kosova<\/strong> se rendra \u00e0 <strong>Aische<\/strong> avec la ferme intention de confirmer son succ\u00e8s face \u00e0 <strong>Andenne<\/strong>. <strong>\u00ab\u00a0Nous avons su prendre trois bons points il y a deux semaines et nous esp\u00e9rons confirmer. On a su se donner un peu d\u2019air sur le bas de tableau, mais rien n\u2019est fait. On aborde ce d\u00e9placement avec confiance, mais on doit faire attention de ne pas commettre l\u2019erreur de tomber dans la suffisance. Face \u00e0 une \u00e9quipe qui doit imp\u00e9rativement prendre des points pour sortir de la zone rouge, nous devons rester sur nos gardes. Nous avons bien pr\u00e9par\u00e9 ce d\u00e9placement avec un week-end de break pour recharger les batteries et soigner les petits bobos. Ce petit repos a fait du bien, mais nous avons fait attention \u00e0 ne pas perdre le rythme en jouant notamment un match amical face au L\u00e9opold. Nous allons tout faire pour reprendre la comp\u00e9tition du bon pied ce week-end\u00a0\u00bb<\/strong>, conclut <strong>Benslimane<\/strong>.<\/div>\n<div>\n<div class=\"para\"><strong>P-A. H. (SudInfo)<\/strong><\/div>\n<\/div>\n","protected":false},"excerpt":{"rendered":"<p>Bye le week-end dernier, le Kosova a pu travailler dans la s\u00e9r\u00e9nit\u00e9 pendant deux semaines \u00e0 la suite de son succ\u00e8s face \u00e0 Andenne Evelette lors de son dernier match de championnat disput\u00e9.<\/p>\n","protected":false},"template":"","class_list":["post-3292","news","type-news","status-publish","hentry","newscat-homepage","newscat-press"],"_links":{"self":[{"href":"https:\/\/www.footclubs.be\/kosova\/wp-json\/wp\/v2\/api-news\/3292","targetHints":{"allow":["GET"]}}],"collection":[{"href":"https:\/\/www.footclubs.be\/kosova\/wp-json\/wp\/v2\/api-news"}],"about":[{"href":"https:\/\/www.footclubs.be\/kosova\/wp-json\/wp\/v2\/types\/news"}],"wp:attachment":[{"href":"https:\/\/www.footclubs.be\/kosova\/wp-json\/wp\/v2\/media?parent=3292"}],"curies":[{"name":"wp","href":"https:\/\/api.w.org\/{rel}","templated":true}]}}