{"id":3290,"date":"2025-10-21T12:03:32","date_gmt":"2025-10-21T10:03:32","guid":{"rendered":"https:\/\/www.footclubs.be\/kosova\/?post_type=news&#038;p=3290"},"modified":"2025-10-21T12:03:32","modified_gmt":"2025-10-21T10:03:32","slug":"d3a-acff-zibouh-savoure-son-experience-au-kosova","status":"publish","type":"news","link":"https:\/\/www.footclubs.be\/kosova\/news\/d3a-acff-zibouh-savoure-son-experience-au-kosova\/","title":{"rendered":"D3A ACFF :  Zibouh savoure son exp\u00e9rience au Kosova"},"content":{"rendered":"<div id=\"tool_zen\" class=\"fix_tool\">\n<p>Depuis l\u2019entame de ce championnat <strong>2025-2026<\/strong>, le jeune joueur n\u00e9 en <strong>2004<\/strong> avait, avant sa premi\u00e8re titularisation de ce week-end, connu deux mont\u00e9es au jeu. La premi\u00e8re datait du match d\u2019ouverture en championnat face \u00e0 <strong>Jodoigne<\/strong> et la seconde \u00e9tait plus r\u00e9cente puisqu\u2019elle datait du week-end dernier \u00e0 <strong>La Louvi\u00e8re Centre<\/strong>. L\u2019int\u00e9ress\u00e9 avait d\u2019ailleurs plant\u00e9 son premier but lors de la d\u00e9faite des siens en d\u00e9placement.<strong> \u00ab\u00a0J\u2019essaye de r\u00e9pondre pr\u00e9sent lorsque l\u2019on fait appel \u00e0 moi. Je n\u2019ai pas la pr\u00e9tention de revendiquer quoi que ce soit. Comme chaque joueur, je suis un comp\u00e9titeur et j\u2019aime me retrouver sur le terrain. Titulaire ou rempla\u00e7ant, cela n\u2019a pas d\u2019importance. J\u2019essaye juste d\u2019aider l\u2019\u00e9quipe comme je le peux. J\u2019ai marqu\u00e9 la semaine derni\u00e8re, mais la d\u00e9faite entache mon but. J\u2019aurais pr\u00e9f\u00e9r\u00e9 une victoire \u00e0 La Louvi\u00e8re d\u2019autant plus que nous ne m\u00e9ritions pas de perdre\u00a0\u00bb<\/strong>, explique <strong>Younes Zibouh<\/strong>.<\/p>\n<\/div>\n<div class=\"para\">Le joueur technique et rapide a pes\u00e9 dans la victoire des siens ce week-end. En effet, c\u2019est lui qui provoque le premier <strong>penalty<\/strong> obtenu par le <strong>Kosova<\/strong> face \u00e0 <strong>Andenne Evelette<\/strong>. <strong>\u00ab\u00a0Provoquer les d\u00e9fenses adverses, cela fait partie de mon jeu. Mon profil technique peut aider \u00e0 d\u00e9stabiliser les d\u00e9fenses adverses. Sur le penalty obtenu\u00a0? Je r\u00e9cup\u00e8re le ballon assez haut et je me projette vers l\u2019avant dans la foul\u00e9e. Ce c\u00f4t\u00e9 percutant, c\u2019est vraiment quelque chose que j\u2019essaye d\u2019amener pour aider l\u2019\u00e9quipe. Nous avons su l\u2019emporter apr\u00e8s deux d\u00e9faites de rang, cela fait du bien d\u2019avoir pu renouer avec la victoire.\u00a0\u00bb<\/strong><\/div>\n<div class=\"subhead\">\n<h3 class=\"para\">D\u00e9couverte de la D3<\/h3>\n<\/div>\n<div class=\"para\">Le nouvel \u00e9l\u00e9ment du <strong>Kosova<\/strong>, arriv\u00e9 durant le mercato estival en provenance de l\u2019<strong>Olympique Club Forestois<\/strong>, conna\u00eet sa premi\u00e8re exp\u00e9rience au niveau national. <strong>\u00ab\u00a0Je viens de P2 et je profite pleinement de ce que l\u2019on m\u2019offre ici. Pour mon \u00e9volution, c\u2019est une bonne chose d\u2019avoir pu passer de la P2 \u00e0 la D3. J\u2019ai la chance de me retrouver dans un vestiaire qui m\u2019a tr\u00e8s bien accueilli. Le staff est \u00e9galement bienveillant avec moi. Je me retrouve dans un bon cadre \u00e0 ce moment de ma carri\u00e8re. Je suis l\u2019un des plus jeunes du vestiaire et pouvoir \u00e9voluer avec des \u00e9l\u00e9ments plus aguerris, cela m\u2019aide \u00e9norm\u00e9ment. J\u2019apprends en permanence. Lorsqu\u2019on a des gars comme ceux que je c\u00f4toie dans le vestiaire \u00e0 ses c\u00f4t\u00e9s, c\u2019est une vraie chance. Lorsque je me commets une erreur, ils sont \u00e9galement l\u00e0 pour me remonter les bretelles. Cela fait partie de l\u2019apprentissage (rires)\u00a0\u00bb<\/strong>, s\u2019amuse <strong>Zibouh<\/strong> qui entend bien continuer \u00e0 progresser cette saison.<\/div>\n<div><\/div>\n<div><strong>P-A. H (SudInfo)<\/strong><\/div>\n","protected":false},"excerpt":{"rendered":"<p>Younes Zibouh a f\u00eat\u00e9 sa premi\u00e8re titularisation sous ses nouvelles couleurs ce dimanche face \u00e0 Andenne Evelette. L\u2019int\u00e9ress\u00e9 profite pleinement de son aventure au Kosova. <\/p>\n","protected":false},"template":"","class_list":["post-3290","news","type-news","status-publish","hentry","newscat-homepage","newscat-press"],"_links":{"self":[{"href":"https:\/\/www.footclubs.be\/kosova\/wp-json\/wp\/v2\/api-news\/3290","targetHints":{"allow":["GET"]}}],"collection":[{"href":"https:\/\/www.footclubs.be\/kosova\/wp-json\/wp\/v2\/api-news"}],"about":[{"href":"https:\/\/www.footclubs.be\/kosova\/wp-json\/wp\/v2\/types\/news"}],"wp:attachment":[{"href":"https:\/\/www.footclubs.be\/kosova\/wp-json\/wp\/v2\/media?parent=3290"}],"curies":[{"name":"wp","href":"https:\/\/api.w.org\/{rel}","templated":true}]}}