{"id":3275,"date":"2025-10-11T13:48:25","date_gmt":"2025-10-11T11:48:25","guid":{"rendered":"https:\/\/www.footclubs.be\/kosova\/?post_type=news&#038;p=3275"},"modified":"2025-10-11T13:48:25","modified_gmt":"2025-10-11T11:48:25","slug":"d3a-acff-le-kosova-espere-rebondir","status":"publish","type":"news","link":"https:\/\/www.footclubs.be\/kosova\/news\/d3a-acff-le-kosova-espere-rebondir\/","title":{"rendered":"D3A ACFF : Le Kosova esp\u00e8re rebondir"},"content":{"rendered":"<div class=\"para\">Les joueurs de <strong>Nasser Ouertani<\/strong> se sont inclin\u00e9s face \u00e0 l\u2019<strong>Arquet<\/strong> \u00e0 domicile dimanche dernier. <strong>\u00ab\u00a0Cette d\u00e9faite est pour moi, j\u2019en prends la responsabilit\u00e9 m\u00eame si \u00e9videmment je ne suis pas le seul responsable\u00a0\u00bb<\/strong>, explique <strong>Mohammed Alouachi<\/strong>.<strong> \u00ab\u00a0Sur le premier but adverse, j\u2019anticipe le centre et mon adversaire glisse le ballon petit c\u00f4t\u00e9. Sur le second, il y a eu ce choc avec Diallo (<\/strong>NDLR\u00a0: un de ses co\u00e9quipiers<strong>) dans les airs qui a offert le cuir \u00e0 un joueur adverse. Les erreurs, cela fait partie du football. Il faut juste parvenir \u00e0 passer \u00e0 autre chose.\u00a0\u00bb<\/strong><\/div>\n<div class=\"para\">Malgr\u00e9 ses deux petites erreurs, le gardien de but a d\u00e9montr\u00e9 sa force de caract\u00e8re lors de la suite de sa derni\u00e8re rencontre.<strong> \u00ab\u00a0Avec mon exp\u00e9rience, je ne vais tergiverser longtemps. Cela arrive m\u00eame au meilleur de commettre une erreur. La cl\u00e9\u00a0? Il faut parvenir \u00e0 rapidement passer \u00e0 autre chose. Alors que nous \u00e9tions \u00e0 1-2, l\u2019Arquet obtient un contre \u00e0 dix minutes du terme. Je me retrouve en face-\u00e0-face et je parviens \u00e0 sortir la tentative adverse pour maintenir l\u2019espoir. Malheureusement cela n\u2019a pas servi \u00e0 grand-chose puisque le score n\u2019a plus boug\u00e9, mais c\u2019\u00e9tait bien de pouvoir sortir un ballon chaud alors que je n\u2019avais pas eu grand-chose \u00e0 faire tout au long de la rencontre. Nous nous sommes inclin\u00e9s face \u00e0 une formation qui n\u2019\u00e9tait pas sp\u00e9cialement dominante, c\u2019est rageant, mais nous devons retenir la le\u00e7on. Nous n\u2019allons pas rester bloqu\u00e9s sur cette d\u00e9faite face \u00e0 l\u2019Arquet. Il faut passer \u00e0 autre chose.\u00a0\u00bb<\/strong><\/div>\n<div class=\"subhead\">\n<h3 class=\"para\">Un nouveau challenge<\/h3>\n<\/div>\n<div class=\"para\">Apr\u00e8s deux belles campagnes au <strong>Sporting Bruxelles<\/strong>, <strong>Alouachi<\/strong> a d\u00e9cid\u00e9 de relever un nouveau d\u00e9fi au <strong>Kosova Schaerbeek<\/strong>.<strong> \u00ab\u00a0J\u2019ai v\u00e9cu deux tr\u00e8s belles saisons au Sporting avec le doubl\u00e9 Coupe \u2013 championnat P1 en 2023-2024 et la mont\u00e9e obtenue via le tour final l\u2019an dernier en D3. Je remercie mon ancien club de m\u2019avoir permis de vivre cela. J\u2019estime que l\u2019on arrivait un peu \u00e0 la fin d\u2019un cycle avec le d\u00e9part du coach Reda<\/strong> (NDLR\u00a0: <strong>Alyazid Reda<\/strong> qui officie aujourd\u2019hui \u00e0 la <strong>REAL en D2<\/strong>) et de nombreux co\u00e9quipiers vers d\u2019autres horizons. Je suis donc arriv\u00e9 ici dans un effectif o\u00f9 je connais pas mal de joueurs. Je connaissais \u00e9galement le <strong>coach Ouertani<\/strong> et certains <strong>membres du staff<\/strong>. Depuis mon arriv\u00e9e, tout le monde m\u2019a mis dans de bonnes conditions\u00a0\u00bb, appr\u00e9cie le gardien de but qui vient d\u2019encha\u00eener trois titularisations avec ses nouvelles couleurs.<\/div>\n<div class=\"subhead\">\n<h3 class=\"para\">La Louvi\u00e8re Centre\u00a0 au programme<\/h3>\n<\/div>\n<div class=\"para\">Ce dimanche apr\u00e8s-midi, les Schaerbeekois tenteront de se relancer sur le terrain de La <strong>Louvi\u00e8re Centre<\/strong>. La formation emmen\u00e9e par <strong>S\u00e9bastien Conte<\/strong> pointe actuellement dans le <strong>top 5<\/strong> de la s\u00e9rie au classement. <strong>\u00ab\u00a0Tout le monde conna\u00eet le coach Conte \u00e0 Bruxelles<\/strong> (NDLR\u00a0: ce dernier a notamment offici\u00e9 au <strong>RSD Jette<\/strong> ou encore au <strong>L\u00e9opold<\/strong>). <strong>Il a su faire de bonnes choses par le pass\u00e9 et il le confirme encore avec son \u00e9quipe actuelle. Notre prochain adversaire n\u2019a pas encore connu la d\u00e9faite en championnat cette saison avec 4 succ\u00e8s et 2 partages. La Louvi\u00e8re Centre sera donc en confiance. Dans l\u2019effectif adverse, il y a plusieurs joueurs que l\u2019on conna\u00eet bien car on a pu les croiser par le pass\u00e9 comme co\u00e9quipier ou adversaire<\/strong> (NDLR\u00a0: <strong>Kalala<\/strong> qui \u00e9voluait au <strong>Sporting<\/strong> lors de la seconde partie de saison l\u2019an pass\u00e9, <strong>Ouali<\/strong>, <strong>Et-Touil<\/strong> ou encore <strong>Boulerhcha<\/strong>).<strong> Cela sera donc sympa comme rendez-vous. Nous allons tenter de r\u00e9agir apr\u00e8s notre d\u00e9faite de la semaine derni\u00e8re, mais on s\u2019attend \u00e0 un match compliqu\u00e9.\u00a0\u00bb<\/strong><\/div>\n<div>\n<div class=\"para\"><strong>P-A. H<\/strong> (<strong>SudInfo<\/strong>)<\/div>\n<\/div>\n","protected":false},"excerpt":{"rendered":"<p>Apr\u00e8s ses deux premiers succ\u00e8s de la saison en championnat, face \u00e0 Loyers   et sur le terrain de Saint-Michel, le Kosova Schaerbeek a connu un petit coup d\u2019arr\u00eat   le week-end dernier. <\/p>\n","protected":false},"template":"","class_list":["post-3275","news","type-news","status-publish","hentry","newscat-homepage","newscat-press"],"_links":{"self":[{"href":"https:\/\/www.footclubs.be\/kosova\/wp-json\/wp\/v2\/api-news\/3275","targetHints":{"allow":["GET"]}}],"collection":[{"href":"https:\/\/www.footclubs.be\/kosova\/wp-json\/wp\/v2\/api-news"}],"about":[{"href":"https:\/\/www.footclubs.be\/kosova\/wp-json\/wp\/v2\/types\/news"}],"wp:attachment":[{"href":"https:\/\/www.footclubs.be\/kosova\/wp-json\/wp\/v2\/media?parent=3275"}],"curies":[{"name":"wp","href":"https:\/\/api.w.org\/{rel}","templated":true}]}}