{"id":3262,"date":"2025-09-27T22:28:06","date_gmt":"2025-09-27T20:28:06","guid":{"rendered":"https:\/\/www.footclubs.be\/kosova\/?post_type=news&#038;p=3262"},"modified":"2025-09-27T22:28:06","modified_gmt":"2025-09-27T20:28:06","slug":"d3a-acff-benslimane-espere-monter-en-puissance","status":"publish","type":"news","link":"https:\/\/www.footclubs.be\/kosova\/news\/d3a-acff-benslimane-espere-monter-en-puissance\/","title":{"rendered":"D3A ACFF : Benslimane esp\u00e8re monter en puissance"},"content":{"rendered":"<div class=\"para\">C\u2019est donc lors du premier succ\u00e8s de la saison du Kosova que<strong> Reda Benslimane<\/strong> \u2013 l\u2019un des acteurs majeurs du titre schaerbeekois l\u2019an pass\u00e9 en <strong>P1<\/strong> \u2013 a retrouv\u00e9 les terrains. \u00c9cart\u00e9 depuis la reprise, l\u2019int\u00e9ress\u00e9 ne boude pas son plaisir. <strong>\u00ab\u00a0Je n\u2019avais pas encore eu la possibilit\u00e9 de jouer cette saison \u00e0 la suite d\u2019une blessure qui a contrecarr\u00e9 mes plans. C\u2019est forc\u00e9ment tr\u00e8s satisfaisant d\u2019avoir pu monter au jeu samedi dernier. Depuis le d\u00e9but du championnat, je ronge mon frein. C\u2019\u00e9tait long de ne pas pouvoir aider l\u2019\u00e9quipe durant ce premier mois de comp\u00e9tition\u00a0\u00bb<\/strong>, confie <strong>Reda Benslimane<\/strong>.<\/div>\n<div class=\"para\">L\u2019int\u00e9ress\u00e9 n\u2019a pas connu le sc\u00e9nario le plus \u00e9vident pour engranger ses premi\u00e8res minutes. <strong>\u00ab\u00a0Lorsque le coach m\u2019appelle pour me faire rentrer, Samir re\u00e7oit sa seconde carte jaune. On se retrouve alors en inf\u00e9riorit\u00e9 num\u00e9rique alors que le score \u00e9tait toujours de 0-0 \u00e0 30 minutes du terme. Cela fait partie des circonstances de match, le staff a su s\u2019adapter avec un ajustement tactique dans notre dispositif pour nous permettre de rester comp\u00e9titif. Cela semblait mal embarqu\u00e9 \u00e0 dix contre onze, mais nous avons su faire les efforts pour signer notre premi\u00e8re victoire de la saison qui \u2013 nous l\u2019esp\u00e9rons \u2013 en appellera beaucoup d\u2019autres. Pour ma part, j\u2019ai essay\u00e9 de donner le maximum pour aider l\u2019\u00e9quipe.\u00a0\u00bb<\/strong><\/div>\n<div class=\"subhead\">\n<h3 class=\"para\">Retrouver le rythme<\/h3>\n<\/div>\n<div class=\"para\">\u00c0 pr\u00e9sent de retour, le <strong>num\u00e9ro 7<\/strong> du Kosova va devoir engranger du temps de jeu afin de retrouver le rythme de la comp\u00e9tition.<strong> \u00ab\u00a0Rien ne vaut l\u2019intensit\u00e9 des rencontres officielles. On peut travailler fort \u00e0 l\u2019entra\u00eenement ou lors des matches amicaux, ce n\u2019est jamais identique. Sur mes premi\u00e8res courses, j\u2019\u00e9tais un peu rouill\u00e9 (rires). Les sensations \u00e9taient un peu diff\u00e9rentes et bizarres par rapport \u00e0 ce que je ressens d\u2019habitude au moment de faire certains efforts. Je dois retrouver le rythme de la comp\u00e9tition. J\u2019ai \u00e9t\u00e9 sur la touche un petit moment et c\u2019est donc assez normal de ressentir cela. J\u2019ai eu la chance de disputer 30-35 minutes le week-end dernier, on verra ce que m\u2019offre le staff ce week-end contre Saint-Michel. Peu importe le temps de jeu que l\u2019on me donnera, je vais essayer de profiter de chaque minute sur le terrain tout en apportant ma pierre \u00e0 l\u2019\u00e9difice \u00e0 la prestation collective\u00a0\u00bb<\/strong>, explique le joueur qui aurait pu d\u00e9bloquer son compteur but d\u00e8s sa premi\u00e8re en championnat si sa d\u00e9viation de la t\u00eate sur un coup franc d\u2019<strong>Aziri<\/strong> n\u2019avait pas trouv\u00e9 la barre transversale adverse.<\/div>\n<div class=\"subhead\">\n<h3 class=\"para\">Confirmer \u00e0 Saint-Michel<\/h3>\n<\/div>\n<div class=\"para\">Fort de son premier succ\u00e8s en championnat, le <strong>Kosova<\/strong> tentera de confirmer lors du derby bruxellois \u00e0 <strong>Saint-Michel<\/strong> ce dimanche. <strong>\u00ab\u00a0Nous aurions m\u00e9rit\u00e9 de signer une victoire plus rapidement dans ce championnat 2025-2026. Lors de nos trois premiers matches, nous avons conc\u00e9d\u00e9 trois partages, mais il y avait la place pour gagner. Cela fait partie de l\u2019apprentissage. Nous avons \u00e0 pr\u00e9sent obtenu ce premier succ\u00e8s et nous esp\u00e9rons encha\u00eener ce week-end. Ce match face \u00e0 Saint-Michel ne sera pas \u00e9vident face \u00e0 une formation qui comme nous doit prendre des points pour assurer son maintien apr\u00e8s la promotion obtenue \u00e0 l\u2019issue du dernier exercice. On va tout faire pour que la pi\u00e8ce tombe du bon c\u00f4t\u00e9 lors du d\u00e9placement de ce dimanche.\u00a0\u00bb<\/strong><\/div>\n<div><\/div>\n<div><strong>Par P-A. H.<\/strong> (<strong>SudInfo<\/strong>)<\/div>\n","protected":false},"excerpt":{"rendered":"<p>Le week-end dernier, Reda Benslimane a jou\u00e9 ses premi\u00e8res minutes de la saison   en championnat \u00e0 l\u2019occasion de la r\u00e9ception de Loyers. L\u2019\u00e9l\u00e9ment offensif   doit \u00e0 pr\u00e9sent engranger du temps de jeu. <\/p>\n","protected":false},"template":"","class_list":["post-3262","news","type-news","status-publish","hentry","newscat-homepage","newscat-press"],"_links":{"self":[{"href":"https:\/\/www.footclubs.be\/kosova\/wp-json\/wp\/v2\/api-news\/3262","targetHints":{"allow":["GET"]}}],"collection":[{"href":"https:\/\/www.footclubs.be\/kosova\/wp-json\/wp\/v2\/api-news"}],"about":[{"href":"https:\/\/www.footclubs.be\/kosova\/wp-json\/wp\/v2\/types\/news"}],"wp:attachment":[{"href":"https:\/\/www.footclubs.be\/kosova\/wp-json\/wp\/v2\/media?parent=3262"}],"curies":[{"name":"wp","href":"https:\/\/api.w.org\/{rel}","templated":true}]}}