{"id":3260,"date":"2025-09-27T21:56:44","date_gmt":"2025-09-27T19:56:44","guid":{"rendered":"https:\/\/www.footclubs.be\/kosova\/?post_type=news&#038;p=3260"},"modified":"2025-09-27T21:56:44","modified_gmt":"2025-09-27T19:56:44","slug":"d3a-acff-saint-michel-retrouve-le-kosova-schaerbeek-a-lechelon-superieur-en-d3a-un-derby-bruxellois-particulier-entre-deux-promus","status":"publish","type":"news","link":"https:\/\/www.footclubs.be\/kosova\/news\/d3a-acff-saint-michel-retrouve-le-kosova-schaerbeek-a-lechelon-superieur-en-d3a-un-derby-bruxellois-particulier-entre-deux-promus\/","title":{"rendered":"D3A Acff : Saint-Michel retrouve le Kosova Schaerbeek \u00e0 l\u2019\u00e9chelon sup\u00e9rieur en D3A : \u00ab Un derby bruxellois particulier entre deux promus \u00bb"},"content":{"rendered":"<p>Le derby bruxellois de ce dimanche apr\u00e8s-midi entre les deux promus sera particulier \u00e0 plus d\u2019un titre. \u00ab\u00a0Lors du dernier exercice, Saint-Michel avait su l\u2019emporter au Kosova (NDLR\u00a0: 0-1 le 20 octobre 2024) lors du match aller entre les deux formations alors que l\u2019\u00e9quipe schaerbeekoise \u00e9tait venue l\u2019emporter au Sportcity (NDLR\u00a0: 1-3 le 23 f\u00e9vrier 2025) lors du match retour\u00a0\u00bb, rappelle le coach woluw\u00e9en Julien Bouchet.<\/p>\n<h2 class=\"sub-head\">Derby bruxellois<\/h2>\n<p>Par rapport aux duels disput\u00e9s en P1 il y a quelques mois, les ambitions des deux formations sont bien diff\u00e9rentes aujourd\u2019hui. \u00ab\u00a0Se retrouver \u00e0 l\u2019\u00e9chelon sup\u00e9rieur, c\u2019est forc\u00e9ment un peu sp\u00e9cial. Cela sera un derby particulier entre deux promus qui esp\u00e8rent se maintenir en <strong>D3<\/strong>. En <strong>P1<\/strong>, trois \u00e9quipes se tenaient de pr\u00e8s \u00e0 mi-parcours (<strong>NDLR\u00a0: Kosova, Saintes, Saint-Michel<\/strong>). Finalement,\u00a0le Kosova a su livrer un super second tour en finissant fort pour s\u2019adjuger le titre. Les deux \u00e9quipes se retrouvent, mais les effectifs ont forc\u00e9ment \u00e9volu\u00e9 par rapport au dernier exercice.\u00a0\u00bb<\/p>\n<p>Ce duel entre <strong>Saint-Michel<\/strong> et le <strong>Kosova Schaerbeek<\/strong> sera \u00e9galement l\u2019opportunit\u00e9 pour <strong>Soulaymane Ziani<\/strong> de retrouver ses anciennes couleurs avec lesquelles il a enlev\u00e9 le titre en avril dernier.<strong> \u00ab\u00a0C\u2019est difficile d\u2019imaginer ce que cela repr\u00e9sente pour lui. Il voudra sans doute livrer une bonne performance\u00a0face \u00e0 son ancienne \u00e9quipe, mais sans pour autant tirer la couverture \u00e0 lui. Soulaymane est un joueur qui pense avant tout au collectif. C\u2019est une \u00e9norme qualit\u00e9. Comme depuis le d\u00e9but de la saison, il donnera tout pour tirer le groupe vers le haut et nous aider \u00e0 faire une prestation afin de revendiquer quelque chose \u00e0 domicile\u00a0\u00bb<\/strong>, explique l\u2019entra\u00eeneur de Saint-Michel.<\/p>\n<div id=\"inr-flexsv-m-1\"><\/div>\n<h2 class=\"sub-head\">En confiance<\/h2>\n<p>Bye le week-end dernier, Saint-Michel reste sur son premier succ\u00e8s avant de recevoir le Kosova ce dimanche. Le 14 septembre dernier,\u00a0les Woluw\u00e9ens s\u2019\u00e9taient impos\u00e9s <strong>4-0<\/strong>\u00a0face \u00e0 <strong>Andenne\/Evelette<\/strong>. <strong>\u00ab\u00a0Apr\u00e8s notre premi\u00e8re victoire en championnat, j\u2019aurais pr\u00e9f\u00e9r\u00e9 jouer la semaine derni\u00e8re afin d\u2019encha\u00eener en capitalisant sur ce succ\u00e8s. Nous \u00e9tions finalement bye et cela a permis de soigner les petits bobos et de poursuivre le travail entam\u00e9 depuis la reprise. Nous avons tent\u00e9 de garder le rythme en disputant notamment un match amical. Nous avons tent\u00e9 de garder un niveau d\u2019intensit\u00e9 \u00e9lev\u00e9 lors de nos diff\u00e9rentes sessions afin d\u2019arriver dans de bonnes dispositions ce week-end. Il y a forc\u00e9ment un peu de confiance apr\u00e8s notre succ\u00e8s lors de notre dernier match, mais nous savons que tout peut aller tr\u00e8s vite. Nous esp\u00e9rons pouvoir confirmer ce week-end face \u00e0 une \u00e9quipe qui sort \u00e9galement de sa premi\u00e8re victoire en championnat. Cela promet un beau duel.\u00a0\u00bb<\/strong><\/p>\n<address><strong>Par P-A. H.\u00a0<\/strong>Publi\u00e9 le 26\/09\/2025 \u00e0 15:10<\/address>\n<p><strong><span style=\"font-family: Bitter, Georgia, serif;font-size: 22px\">Avec Vano, Saint-Michel tient son chef d\u2019orchestre au milieu en D3A : \u00ab Ces buts m\u2019ont fait du bien \u00bb<\/span><\/strong><\/p>\n<header class=\"r-article--header\">\u00c0 seulement 22 ans, le milieu offensif de Saint-Michel, <strong>Filip Vano<\/strong>, a illumin\u00e9 la rencontre face \u00e0 <strong>Andenne\/Evelette<\/strong> de tout son talent. Buteur \u00e0 deux reprises et d\u00e9cisif dans le jeu, il a offert au public une prestation digne des plus grands.<\/header>\n<figure class=\"r-ratio--16-9  r-article--main-img\" role=\"img\"><img decoding=\"async\" class=\"r-img\" src=\"https:\/\/spgeng.rosselcdn.net\/sites\/default\/files\/dpistyles_v2\/sp_16_9_864w\/2025\/09\/15\/node_1040707\/56782223\/public\/2025\/09\/15\/49048656.jpeg?itok=L0Y6JCl91757937639\" alt=\"Vano d\u00e9cisif.\" \/><figcaption><strong>Vano d\u00e9cisif. &#8211; N.P.<\/strong><\/figcaption><\/figure>\n<aside class=\"r-article--sidebar\">\n<div id=\"rgt-imu-d-1\" class=\"adm-ad-loading\"><\/div>\n<\/aside>\n<div class=\"r-content\"><i id=\"1040707\" class=\"r-m\"><\/i><\/p>\n<article class=\"r-viewmode--article\" role=\"listitem\">\n<div class=\"paywall qiota_reserve\">\n<p>Il y a des jours o\u00f9 un joueur prend le destin de son \u00e9quipe entre ses pieds.\u00a0Dimanche, c\u2019\u00e9tait le cas de Filip Vano. Du haut de ses 22 ans, le milieu offensif de Saint-Michel a livr\u00e9 une copie quasi parfaite, m\u00e9lange de technique, d\u2019engagement et de lucidit\u00e9. Son match restera comme l\u2019une de ses r\u00e9f\u00e9rences, tant il a su faire basculer la rencontre pratiquement \u00e0 lui seul.<\/p>\n<p>D\u00e8s l\u2019entame, on a senti un joueur affam\u00e9, d\u00e9termin\u00e9 \u00e0 faire la diff\u00e9rence. Sa touche de balle fluide, sa vision du jeu et ses prises de risques offensives ont rapidement mis la d\u00e9fense adverse en difficult\u00e9. Mais c\u2019est surtout sa r\u00e9gularit\u00e9 dans l\u2019effort qui a marqu\u00e9 les esprits\u00a0: disponible dans les transitions, pr\u00e9cieux dans les duels a\u00e9riens, et m\u00eame appliqu\u00e9 dans le repli d\u00e9fensif, il a rayonn\u00e9 sur toute la pelouse.<\/p>\n<address><strong>Par Nicolas Pembele<\/strong>\u00a0Publi\u00e9 le 15\/09\/2025 \u00e0 14:00<\/address>\n<\/div>\n<\/article>\n<\/div>\n","protected":false},"excerpt":{"rendered":"<p>Ce dimanche, les deux formations qui \u00e9voluaient au sein de l\u2019\u00e9lite provinciale l\u2019an pass\u00e9 se retrouveront au Sportcity. Si le Kosova avait su enlever le titre, Saint-Michel avait d\u00fb s\u2019extraire du tour final interprovincial pour rejoindre la D3.<\/p>\n","protected":false},"template":"","class_list":["post-3260","news","type-news","status-publish","hentry","newscat-homepage","newscat-press"],"_links":{"self":[{"href":"https:\/\/www.footclubs.be\/kosova\/wp-json\/wp\/v2\/api-news\/3260","targetHints":{"allow":["GET"]}}],"collection":[{"href":"https:\/\/www.footclubs.be\/kosova\/wp-json\/wp\/v2\/api-news"}],"about":[{"href":"https:\/\/www.footclubs.be\/kosova\/wp-json\/wp\/v2\/types\/news"}],"wp:attachment":[{"href":"https:\/\/www.footclubs.be\/kosova\/wp-json\/wp\/v2\/media?parent=3260"}],"curies":[{"name":"wp","href":"https:\/\/api.w.org\/{rel}","templated":true}]}}