{"id":3258,"date":"2025-09-25T16:00:31","date_gmt":"2025-09-25T14:00:31","guid":{"rendered":"https:\/\/www.footclubs.be\/kosova\/?post_type=news&#038;p=3258"},"modified":"2025-09-25T16:00:31","modified_gmt":"2025-09-25T14:00:31","slug":"lacff-va-perdre-son-directeur-general","status":"publish","type":"news","link":"https:\/\/www.footclubs.be\/kosova\/news\/lacff-va-perdre-son-directeur-general\/","title":{"rendered":"L\u2019ACFF va perdre son directeur g\u00e9n\u00e9ral"},"content":{"rendered":"<div class=\"photo_gallery\">\n<div class=\"photo_gallery_item noZenGallery\">\n<div class=\"photo_legende\"><strong>Thomas Rodrigues Pereira<\/strong> ne sera plus le\u00a0directeur g\u00e9n\u00e9ral de l\u2019Association des Clubs Francophones de Football (<strong>ACFF<\/strong>) \u00e0 la fin de l\u2019ann\u00e9e. Arriv\u00e9 \u00e0 l\u2019ACFF en <strong>janvier 2013<\/strong>,\u00a0il y a occup\u00e9 diff\u00e9rentes fonctions avant d\u2019en devenir le responsable en<strong> juillet 2024<\/strong>, succ\u00e9dant \u00e0 <strong>Daniel Boccar<\/strong>. Il a pr\u00e9sent\u00e9 sa d\u00e9mission au Conseil d\u2019administration de l\u2019<strong>ACFF<\/strong> mardi et restera en poste jusque d\u00e9but d\u00e9cembre pour assurer la transition. <strong>\u00ab\u00a0Ma d\u00e9cision de quitter mes fonctions n\u2019a pas \u00e9t\u00e9 facile, mais elle r\u00e9pond \u00e0 une r\u00e9flexion personnelle et \u00e0 une volont\u00e9 d\u2019ouvrir un nouveau chapitre. Je suis serein pour le futur de l\u2019ACFF\u00a0\u00bb<\/strong>, a-t-il expliqu\u00e9 dans un communiqu\u00e9.<\/div>\n<div><\/div>\n<\/div>\n<\/div>\n<div><strong>SudInfo<\/strong><\/div>\n","protected":false},"excerpt":{"rendered":"<p>Thomas Rodrigues Pereira va\u00a0\u00a0quitter son poste \u00e0 l\u2019ACFF\u00a0\u00a0\u00e0 la fin de l\u2019ann\u00e9e.\u00a0<\/p>\n","protected":false},"template":"","class_list":["post-3258","news","type-news","status-publish","hentry","newscat-homepage","newscat-press"],"_links":{"self":[{"href":"https:\/\/www.footclubs.be\/kosova\/wp-json\/wp\/v2\/api-news\/3258","targetHints":{"allow":["GET"]}}],"collection":[{"href":"https:\/\/www.footclubs.be\/kosova\/wp-json\/wp\/v2\/api-news"}],"about":[{"href":"https:\/\/www.footclubs.be\/kosova\/wp-json\/wp\/v2\/types\/news"}],"wp:attachment":[{"href":"https:\/\/www.footclubs.be\/kosova\/wp-json\/wp\/v2\/media?parent=3258"}],"curies":[{"name":"wp","href":"https:\/\/api.w.org\/{rel}","templated":true}]}}