{"id":3250,"date":"2025-09-20T12:32:14","date_gmt":"2025-09-20T10:32:14","guid":{"rendered":"https:\/\/www.footclubs.be\/kosova\/?post_type=news&#038;p=3250"},"modified":"2025-09-20T12:32:14","modified_gmt":"2025-09-20T10:32:14","slug":"d3a-reaction-attendue-pour-le-kosova","status":"publish","type":"news","link":"https:\/\/www.footclubs.be\/kosova\/news\/d3a-reaction-attendue-pour-le-kosova\/","title":{"rendered":"D3A : R\u00e9action attendue pour le Kosova"},"content":{"rendered":"<div class=\"para\">Apr\u00e8s trois partages pour commencer sa campagne <strong>2025-2026<\/strong>, le <strong>Kosova<\/strong> a connu sa premi\u00e8re <strong>d\u00e9faite \u00e0 Ciney<\/strong>. Les joueurs de <strong>Nasser Ouertani<\/strong> tenteront de r\u00e9agir ce week-end face \u00e0 <strong>Loyers<\/strong>.<\/div>\n<div class=\"para\"><strong>7-2<\/strong>, le score final \u00e9tait lourd samedi dernier sur la pelouse de Ciney. \u00ab\u00a0S\u2019incliner de cette mani\u00e8re\u00a0? C\u2019est peut-\u00eatre un mal pour un bien. Comme on dit, il vaut mieux s\u2019incliner une fois lourdement que perdre chaque week-end de peu. C\u2019\u00e9tait encore <strong>3-2<\/strong> \u00e0 dix minutes du terme. Nous prenons finalement <strong>4 buts en fin de match<\/strong> de mani\u00e8re assez anecdotique. Nous avons totalement d\u00e9jou\u00e9 une fois \u00e0 <strong>4-2<\/strong>. Ce n\u2019est pas plus mal de tomber en d\u00e9but de saison afin de pouvoir r\u00e9agir\u00a0\u00bb, estime <strong>Sami<\/strong> <strong>Bensedik<\/strong>.<\/div>\n<div class=\"para\">Le groupe schaerbeekois doit se nourrir de ce dernier r\u00e9sultat. \u00ab\u00a0Cela doit nous pousser \u00e0 bosser encore plus. L\u2019orgueil est piqu\u00e9, c\u2019est certain, mais nous devons montrer que nous sommes forts mentalement. Apr\u00e8s un tel r\u00e9sultat, nous ne devons pas chercher bien loin la motivation pour faire mieux ce week-end.\u00a0\u00bb<\/div>\n<div class=\"subhead\">\n<h3 class=\"para\">Loyers \u00e0 domicile<\/h3>\n<\/div>\n<div class=\"para\">Avec la journ\u00e9e sans voiture de ce dimanche au sein de la capitale, la rencontre de ce week-end du <strong>Kosova<\/strong> se tiendra samedi soir. Les Schaerbeekois vont affronter <strong>Loyers<\/strong> au <strong>Stade Chazal.<\/strong> \u00ab\u00a0C\u2019est une formation qui reste sur trois partages de rang depuis son entame de championnat. Comme nous, <strong>Loyers<\/strong> court apr\u00e8s son premier succ\u00e8s de la saison. On a pu voir qu\u2019il avait une facilit\u00e9 \u00e0 trouver le chemin des filets avec trois buts marqu\u00e9s sur les deux derniers matches. Dans le m\u00eame temps, ils ont \u00e9galement pris trois buts \u00e0 deux reprises. Il y aura donc la place pour nous exprimer. Nous devrons parvenir \u00e0 en profiter d\u2019autant plus \u00e0 domicile.\u00a0\u00bb<\/div>\n<div class=\"subhead\">\n<h3 class=\"para\">R\u00e9pondre pr\u00e9sent<\/h3>\n<\/div>\n<div class=\"para\"><strong>Sami Bensedik<\/strong> est arriv\u00e9 au <strong>Kosova<\/strong> en provenance de <strong>Genappe<\/strong>. L\u2019int\u00e9ress\u00e9 souhaitait go\u00fbter \u00e0 la<strong> D3.<\/strong> \u00ab\u00a0Apr\u00e8s deux saisons en P1 \u00e0 Genappe, je voulais me lancer un nouveau challenge. J\u2019avais l\u2019envie de me tester \u00e0 l\u2019\u00e9chelon sup\u00e9rieur afin de voir ce que je pouvais r\u00e9aliser \u00e0 cet \u00e9chelon. Je suis encore jeune et je garde donc une marge de progression importante. C\u2019est en jouant le plus haut possible que l\u2019on peut exploiter son potentiel\u00a0\u00bb, pointe le joueur n\u00e9 en <strong>2004<\/strong>.<\/div>\n<div class=\"para\">Form\u00e9 comme flanc, <strong>Bensedik<\/strong> a d\u00e9j\u00e0 \u00e9volu\u00e9 \u00e0 plusieurs positions depuis le d\u00e9but de pr\u00e9paration du Kosova. \u00ab\u00a0J\u2019ai pu jouer comme flanc, piston ou encore en pointe comme lors du match face au Stade Everois. Ma polyvalence est une bonne chose. J\u2019essaye de r\u00e9pondre pr\u00e9sent peu importe o\u00f9 l\u2019on m\u2019aligne sur le terrain. En fonction des besoins du staff, je m\u2019adapte. Le plus important est d\u2019aider l\u2019\u00e9quipe \u00e0 r\u00e9aliser de bonnes performances.\u00a0\u00bb<\/div>\n<div><\/div>\n<div><strong>par\u00a0P-A. H<\/strong>. (<strong>SudInfo<\/strong>)<\/div>\n","protected":false},"excerpt":{"rendered":"<p>Apr\u00e8s trois partages pour commencer sa campagne 2025-2026, le Kosova a connu sa premi\u00e8re d\u00e9faite \u00e0 Ciney. Les joueurs de Nasser Ouertani tenteront de r\u00e9agir ce week-end face \u00e0 Loyers. 7-2, le score final \u00e9tait lourd samedi dernier sur la pelouse de Ciney. \u00ab\u00a0S\u2019incliner de cette mani\u00e8re\u00a0? C\u2019est peut-\u00eatre un mal pour un bien. Comme [&hellip;]<\/p>\n","protected":false},"template":"","class_list":["post-3250","news","type-news","status-publish","hentry","newscat-homepage","newscat-press"],"_links":{"self":[{"href":"https:\/\/www.footclubs.be\/kosova\/wp-json\/wp\/v2\/api-news\/3250","targetHints":{"allow":["GET"]}}],"collection":[{"href":"https:\/\/www.footclubs.be\/kosova\/wp-json\/wp\/v2\/api-news"}],"about":[{"href":"https:\/\/www.footclubs.be\/kosova\/wp-json\/wp\/v2\/types\/news"}],"wp:attachment":[{"href":"https:\/\/www.footclubs.be\/kosova\/wp-json\/wp\/v2\/media?parent=3250"}],"curies":[{"name":"wp","href":"https:\/\/api.w.org\/{rel}","templated":true}]}}