{"id":3246,"date":"2025-09-13T14:23:39","date_gmt":"2025-09-13T12:23:39","guid":{"rendered":"https:\/\/www.footclubs.be\/kosova\/?post_type=news&#038;p=3246"},"modified":"2025-09-13T14:23:39","modified_gmt":"2025-09-13T12:23:39","slug":"d3a-acff-can-un-retour-remarque-au-kosova-schaerbeek","status":"publish","type":"news","link":"https:\/\/www.footclubs.be\/kosova\/news\/d3a-acff-can-un-retour-remarque-au-kosova-schaerbeek\/","title":{"rendered":"D3A ACFF : Can, un retour remarqu\u00e9 au Kosova Schaerbeek"},"content":{"rendered":"<div class=\"chapo\">Pour son retour en <strong>D3 ACFF<\/strong>, le<strong> Kosova<\/strong> a d\u00e9but\u00e9 sa campagne 2025-2026 par trois partages. Les joueurs de <strong>Nasser Ouertani<\/strong> auront une nouvelle opportunit\u00e9 de signer un premier succ\u00e8s en d\u00e9placement \u00e0 <strong>Ciney<\/strong>.<\/div>\n<div class=\"body\">\n<div class=\"para\">Apr\u00e8s le nul conc\u00e9d\u00e9 \u00e0 domicile face \u00e0 <strong>Jodoigne<\/strong>, le groupe schaerbeekois avait encha\u00een\u00e9 avec un nul obtenu sur un but tomb\u00e9 dans le temps additionnel sur la pelouse du <strong>Condruzien<\/strong>. Le week-end dernier, c\u2019est \u00e0 domicile face au <strong>Stade Everois<\/strong> que le <strong>Kosova<\/strong> a sign\u00e9 un troisi\u00e8me partage de rang. \u00ab\u00a0Il y a un peu de frustration par rapport \u00e0 notre dernier match. Comme lors de nos deux premi\u00e8res rencontres de championnat, nous estimons qu\u2019il y avait la place pour l\u2019emporter face \u00e0 un candidat annonc\u00e9 dans la lutte au haut de tableau\u00a0\u00bb, explique <strong>Mehmet Can<\/strong>.<\/div>\n<div class=\"para\">Malgr\u00e9 ce nouveau partage, l\u2019\u00e9l\u00e9ment d\u00e9fensif retient le positif. \u00ab\u00a0Dans l\u2019ensemble, nous avons su livrer une bonne performance. Nous \u00e9tions bien en place et nous avons peu conc\u00e9d\u00e9 au Stade Everois. C\u2019est la premi\u00e8re fois que nous parvenions \u00e0 garder le 0 lors d\u2019un match de championnat. Cela am\u00e8ne forc\u00e9ment de la confiance par rapport \u00e0 ce que nous tentons de mettre en place d\u00e9fensivement. Il faudra \u00e0 pr\u00e9sent parvenir \u00e0 reproduire ce style de performance.\u00a0\u00bb<\/div>\n<div class=\"subhead\">\n<h3 class=\"para\">Un retour r\u00e9ussi<\/h3>\n<\/div>\n<div class=\"para\">Mehmet Can n\u2019est pas un inconnu au <strong>Kosova Schaerbeek<\/strong>. En effet, l\u2019int\u00e9ress\u00e9 a notamment \u00e9volu\u00e9 sous les couleurs schaerbeekoises lors de la saison <strong>2023-2024<\/strong> avant de rejoindre <strong>Saint-Josse<\/strong> l\u2019an dernier. \u00c0 l\u2019instar de plusieurs co\u00e9quipiers c\u00f4toy\u00e9s lors de son exercice tennoodois (<strong>NDLR\u00a0: Obed Adu-Twum<\/strong>, <strong>Oumar Diop<\/strong> ou encore <strong>Papa Lamine<\/strong> <strong>Ndiaye<\/strong>), le joueur a d\u00e9cid\u00e9 de rejoindre le <strong>Kosova<\/strong> et donc d\u2019y effectuer son retour. \u00ab\u00a0Franchement, j\u2019ai le sentiment d\u2019\u00eatre revenu comme si je n\u2019\u00e9tais jamais parti. J\u2019ai rapidement retrouv\u00e9 mes marques. Lors de la saison <strong>2023-2024<\/strong>, j\u2019ai notamment pu \u00e9voluer avec <strong>Felipe<\/strong> (<strong>Saavedra Cordoba<\/strong>) et me retrouver \u00e0 nouveau \u00e0 ses c\u00f4t\u00e9s, cela facilite les choses\u00a0\u00bb, confie le joueur qui \u00e9volue dans le trio central arri\u00e8re de sa formation.<\/div>\n<div class=\"para\">Titulaire lors des trois matches disput\u00e9s par le <strong>Kosova<\/strong> jusqu\u2019ici, <strong>Can<\/strong> am\u00e8ne du calme au sein de la d\u00e9fense schaerbeekoise. \u00ab\u00a0Nous avons un groupe qui tire dans le m\u00eame sens. Le seul but est de permettre \u00e0 l\u2019\u00e9quipe de l\u2019emporter. La concurrence est saine dans l\u2019\u00e9quipe. Le coach a la possibilit\u00e9 de faire \u00e9voluer les joueurs les plus performants du moment et c\u2019est un vrai plus. Il ne doit pas effectuer de choix par d\u00e9faut et cela pousse tout le monde \u00e0 donner le meilleur. En ce qui concerne les \u00e9l\u00e9ments d\u00e9fensifs, nous sommes bien occup\u00e9s (<strong>NDLR\u00a0<\/strong>: <strong>deux buts conc\u00e9d\u00e9s en trois matches<\/strong>) et il faudra poursuivre sur cette voie \u00bb, poursuit le revenant.<\/div>\n<div><\/div>\n<div class=\"para\">\u00ab L\u2019alchimie est bonne derri\u00e8re et peu importe qui est align\u00e9, on sait que chacun va faire son match. Les automatismes sont bien en place et nous avons \u00e9galement la chance de pouvoir compter sur des portiers de qualit\u00e9 avec <strong>Zeno<\/strong> et <strong>Sekou<\/strong> (NDLR\u00a0: <strong>Vanhoyland<\/strong> et <strong>Kera<\/strong> qui a disput\u00e9 la derni\u00e8re rencontre de championnat). Pour ma part, j\u2019essaye d\u2019apporter ma pierre \u00e0 l\u2019\u00e9difice en amenant de la s\u00e9r\u00e9nit\u00e9 et de l\u2019autorit\u00e9 dans mes interventions. Cela fonctionne bien, souhaitons que cela continue.\u00a0\u00bb<\/div>\n<div class=\"para\">Ce samedi soir, le<strong> Kosova<\/strong> tentera de signer son premier succ\u00e8s de la saison sur la pelouse de <strong>Ciney<\/strong>.<\/div>\n<\/div>\n","protected":false},"excerpt":{"rendered":"<p>Pour son retour en D3 ACFF, le Kosova a d\u00e9but\u00e9 sa campagne 2025-2026 par trois partages. Les joueurs de Nasser Ouertani auront une nouvelle opportunit\u00e9 de signer un premier succ\u00e8s en d\u00e9placement \u00e0 Ciney. <\/p>\n","protected":false},"template":"","class_list":["post-3246","news","type-news","status-publish","hentry","newscat-homepage","newscat-press"],"_links":{"self":[{"href":"https:\/\/www.footclubs.be\/kosova\/wp-json\/wp\/v2\/api-news\/3246","targetHints":{"allow":["GET"]}}],"collection":[{"href":"https:\/\/www.footclubs.be\/kosova\/wp-json\/wp\/v2\/api-news"}],"about":[{"href":"https:\/\/www.footclubs.be\/kosova\/wp-json\/wp\/v2\/types\/news"}],"wp:attachment":[{"href":"https:\/\/www.footclubs.be\/kosova\/wp-json\/wp\/v2\/media?parent=3246"}],"curies":[{"name":"wp","href":"https:\/\/api.w.org\/{rel}","templated":true}]}}