{"id":3174,"date":"2025-06-05T14:08:17","date_gmt":"2025-06-05T12:08:17","guid":{"rendered":"https:\/\/www.footclubs.be\/kosova\/?post_type=news&#038;p=3174"},"modified":"2025-06-05T14:08:17","modified_gmt":"2025-06-05T12:08:17","slug":"d3-acff-voici-la-proposition-des-series-pour-le-stade-everois-jodoigne-saint-michel-et-le-kosova-schaerbeek","status":"publish","type":"news","link":"https:\/\/www.footclubs.be\/kosova\/news\/d3-acff-voici-la-proposition-des-series-pour-le-stade-everois-jodoigne-saint-michel-et-le-kosova-schaerbeek\/","title":{"rendered":"D3 ACFF | Voici la proposition des s\u00e9ries pour le Stade Everois, Jodoigne, Saint-Michel et le Kosova Schaerbeek"},"content":{"rendered":"<article class=\"r-viewmode--article\" role=\"listitem\">L\u2019ACFF pr\u00e9cise que ce sont des \u00ab\u00a0s\u00e9ries provisoires sous toute r\u00e9serve et sans aucune reconnaissance pr\u00e9judiciable. Les clubs sont invit\u00e9s \u00e0 faire parvenir leurs \u00e9ventuelles remarques par E-KICKOFF pour ce 10\/06\/2025 au plus tard\u00a0\u00bb.<\/p>\n<p>La s\u00e9rie A sera compos\u00e9e des clubs namurois, hennuyers et bruxellois. Elle comptera 17 clubs Quant \u00e0 la s\u00e9rie B, elle comptera 16 clubs et sera compos\u00e9e des clubs li\u00e9geois et luxembourgeois, comme la saison pass\u00e9e. Voici les projets\u00a0:<\/p>\n<h2 class=\"sub-head\">D3A ACFF<\/h2>\n<p>RAAL La Louvi\u00e8re B<\/p>\n<p>Jodoigne<\/p>\n<p>La Louvi\u00e8re Centre<\/p>\n<p>Ciney<\/p>\n<p>Evelette-Jallet<\/p>\n<p>Saint-Ghislain Tertre Hautrage<\/p>\n<p>Condruzien<\/p>\n<p>Aische<\/p>\n<p>Monceau<\/p>\n<p>Arquet<\/p>\n<p>Biesme<\/p>\n<p>Loyers<\/p>\n<p>Pont-\u00e0-Celles-Buzet<\/p>\n<p>Saint-Michel<\/p>\n<p><strong>Kosova Schaerbeek<\/strong><\/p>\n<p>Stade Everois<\/p>\n<p>Stade Mouscronnois<\/p>\n<h2 class=\"sub-head\">D3B ACFF<\/h2>\n<p>Waremme<\/p>\n<p>Sprimont<\/p>\n<p>Messancy<\/p>\n<p>Libramont<\/p>\n<p>Houffaloise<\/p>\n<p>Aubel<\/p>\n<p>Verlaine<\/p>\n<p>Momalle<\/p>\n<p>Meix-devant-Virton<\/p>\n<p>Harre-Manhay<\/p>\n<p>Mormont<\/p>\n<p>Marloie<\/p>\n<p>AS Eupen B<\/p>\n<p>Elsaute<\/p>\n<p>FC Eupen<\/p>\n<p>Geer<\/p>\n<\/article>\n<figure class=\"r-author--img\" role=\"img\"><img decoding=\"async\" class=\"r-img lazyloaded\" src=\"https:\/\/spgeng.rosselcdn.net\/sites\/all\/themes\/sudpresse\/engbootstrap_sudpresse\/images\/si-192.png\" alt=\"Image auteur par d\u00e9faut\" \/><\/figure>\n<div class=\"r-article--author\">\n<address><strong>Par Sudinfo<\/strong><\/address>\n<p><strong>Publi\u00e9 le 05\/06\/2025\u00a0<\/strong><\/div>\n","protected":false},"excerpt":{"rendered":"<p>Une s\u00e9rie sera \u00e0 17 et l\u2019autre \u00e0 16 \u00e9quipes sera au programme de la nouvelle ann\u00e9e.<\/p>\n","protected":false},"template":"","class_list":["post-3174","news","type-news","status-publish","hentry","newscat-homepage","newscat-press"],"_links":{"self":[{"href":"https:\/\/www.footclubs.be\/kosova\/wp-json\/wp\/v2\/api-news\/3174","targetHints":{"allow":["GET"]}}],"collection":[{"href":"https:\/\/www.footclubs.be\/kosova\/wp-json\/wp\/v2\/api-news"}],"about":[{"href":"https:\/\/www.footclubs.be\/kosova\/wp-json\/wp\/v2\/types\/news"}],"wp:attachment":[{"href":"https:\/\/www.footclubs.be\/kosova\/wp-json\/wp\/v2\/media?parent=3174"}],"curies":[{"name":"wp","href":"https:\/\/api.w.org\/{rel}","templated":true}]}}