{"id":3172,"date":"2025-04-29T14:49:23","date_gmt":"2025-04-29T12:49:23","guid":{"rendered":"https:\/\/www.footclubs.be\/kosova\/?post_type=news&#038;p=3172"},"modified":"2025-04-29T14:49:23","modified_gmt":"2025-04-29T12:49:23","slug":"article-de-presse-les-champions-du-kosova-schaerbeek-passes-au-crible-par-nasser-ouertani","status":"publish","type":"news","link":"https:\/\/www.footclubs.be\/kosova\/news\/article-de-presse-les-champions-du-kosova-schaerbeek-passes-au-crible-par-nasser-ouertani\/","title":{"rendered":"Article de Presse : Les champions du Kosova Schaerbeek pass\u00e9s au crible par Nasser Ouertani"},"content":{"rendered":"<div class=\"subhead\">\n<h4 class=\"para\">Gardien<\/h4>\n<\/div>\n<div class=\"para\"><span class=\"bold\">Zeno Vanhoyland.\u00a0<\/span>C\u2019est un gar\u00e7on s\u00e9rieux et appliqu\u00e9. Il a aid\u00e9 l\u2019\u00e9quipe \u00e0 \u00eatre l\u00e0 o\u00f9 elle se trouve en r\u00e9alisant une bonne saison. Il nous a permis de prendre des points \u00e0 certains moments. Gros travailleur en prime.<\/div>\n<div class=\"subhead\">\n<h4 class=\"para\">D\u00e9fenseurs<\/h4>\n<\/div>\n<div class=\"para\"><span class=\"bold\">Zakaria Azzabi.\u00a0<\/span>Un joueur avec lequel tout entra\u00eeneur souhaite travailler. C\u2019est l\u2019un des quelques \u00e9l\u00e9ments que l\u2019on a gard\u00e9s de la pr\u00e9c\u00e9dente campagne. C\u2019est un gars s\u00e9rieux qui est \u00e0 l\u2019\u00e9coute et qui travaille. Il a \u00e9t\u00e9 pr\u00e9sent lorsque l\u2019on a eu besoin de lui.<\/div>\n<div class=\"para\"><span class=\"bold\">Mamadou Bhoye Diallo.<\/span>\u00a0Une excellente surprise. De prime abord, nous avions recrut\u00e9 Diallo pour \u00e9voluer au milieu de terrain. Avec les blessures, on l\u2019a fait glisser sur une position de piston et il s\u2019est parfaitement exprim\u00e9 dans ce r\u00f4le.<\/div>\n<div class=\"para\"><span class=\"bold\">Romain Druet.\u00a0<\/span>Arriv\u00e9 sur le tard chez nous par hasard, un vrai cadeau tomb\u00e9 du ciel. C\u2019est l\u2019exemple m\u00eame du professionnalisme. Il a apport\u00e9 sa rigueur au sein du vestiaire. Tr\u00e8s impliqu\u00e9 dans le groupe. Un vrai leader. Il a stabilis\u00e9 notre d\u00e9fense et a apport\u00e9 son \u00e9cot offensivement. Il a su d\u00e9bloquer certaines situations sur phases arr\u00eat\u00e9es.<\/div>\n<div class=\"para\"><span class=\"bold\">Soufiane Habsaoui.<\/span>\u00a0Malheureusement, les blessures ne lui ont pas permis de jouer beaucoup cette saison. Joueur d\u2019exp\u00e9rience qui a su faire preuve d\u2019une belle implication malgr\u00e9 son absence de temps de jeu.<\/div>\n<div class=\"para\"><span class=\"bold\">Nassim Miri.\u00a0<\/span>Tr\u00e8s bon en d\u00e9but de saison avec pas mal de passes d\u00e9cisives \u00e0 son actif. Nassim a malheureusement \u00e9t\u00e9 \u00e9cart\u00e9 plus de trois mois des terrains \u00e0 la suite d\u2019une grosse blessure. Avec le groupe qui tournait lors du second tour, c\u2019\u00e9tait difficile de bousculer la hi\u00e9rarchie en place.<\/div>\n<div class=\"para\"><span class=\"bold\">Pierre-Yves Niagoua Kameni.<\/span>\u00a0Un roc d\u00e9fensif comme il l\u2019a prouv\u00e9 face \u00e0 Amicii lors de notre derni\u00e8re rencontre. Il aurait pu revendiquer une place de titulaire, mais la concurrence battait son plein derri\u00e8re.<\/div>\n<div class=\"para\"><span class=\"bold\">Mario Radman.\u00a0<\/span>Gar\u00e7on sobre et motiv\u00e9. Il est agressif dans le bon sens du terme. Il am\u00e8ne cette rigueur n\u00e9cessaire et se montre toujours concentr\u00e9 sur son sujet. Rarement pris en d\u00e9faut. Il a \u00e9t\u00e9 titulaire pratiquement toute la saison, on sait pourquoi tant il a toujours r\u00e9pondu pr\u00e9sent<\/div>\n<div class=\"para\"><span class=\"bold\">Felipe \u00ab\u00a0Papi\u00a0\u00bb Saavedra Cordoba.\u00a0<\/span>\u00c9ternel. Il n\u2019a pas fait la pr\u00e9paration avec nous. De base, il souhaitait arr\u00eater. Il a fait son retour au club au mois de novembre et il a d\u2019abord jou\u00e9 avec la P2. Je suis all\u00e9 le voir et j\u2019ai vu qu\u2019il n\u2019avait rien perdu de ses capacit\u00e9s. Il a gagn\u00e9 sa place apr\u00e8s une prestation correcte \u00e0 Saintes lors du match aller. C\u2019est \u00e9galement un joueur tomb\u00e9 du ciel. Il y a \u00e9galement son \u00e9tat d\u2019esprit. Il est sympa et toujours cool.<\/div>\n<div class=\"subhead\">\n<h4 class=\"para\">Milieux<\/h4>\n<\/div>\n<div class=\"para\"><span class=\"bold\">Ugo DIaz.<\/span>\u00a0Joueur prometteur qui a su grandir tout au long de cette campagne. Il a jou\u00e9 pratiquement tous les matches en faisant preuve d\u2019une belle r\u00e9gularit\u00e9 dans ses performances. Malheureusement, il \u00e9tait suspendu pour notre derni\u00e8re \u00e0 Amicii. Gros abattage dans le c\u0153ur du jeu et surtout un jeune \u00e9l\u00e9ment qui poss\u00e8de encore une belle marge de progression. Il peut viser haut.<\/div>\n<div class=\"para\"><span class=\"bold\">Samir Severa.<\/span>\u00a0De base Samir a d\u00e9barqu\u00e9 au club pour \u00e9voluer avec la P2. Il a d\u00e9barqu\u00e9 en provenance de l\u2019AFC Evere qui avait connu un exercice difficile en P2 lors de la campagne 2023-2024. Dans le courant de l\u2019ann\u00e9e, il m\u2019a demand\u00e9 pour s\u2019entra\u00eener avec la premi\u00e8re et petit \u00e0 petit il a fait son trou. Il est devenu une pi\u00e8ce de l\u2019\u00e9quipe. Il fait preuve d\u2019un gros fighting spirit. Il ne l\u00e2che jamais et poss\u00e8de une grosse endurance. Joueur sobre qui fait ce qu\u2019il sait faire, ce qui est une vraie force.<\/div>\n<div class=\"para\"><span class=\"bold\">Mohamed \u00ab\u00a0Ryan\u00a0\u00bb Traore.\u00a0<\/span>V\u00e9ritable relais entre le groupe et moi. Un capitaine exemplaire qui a toujours su faire passer les messages dans un sens comme dans l\u2019autre. Toujours \u00e0 l\u2019\u00e9coute et dans la transmission. Le ciment de l\u2019\u00e9quipe. C\u2019est un rassembleur qui sait comment f\u00e9d\u00e9rer autour de lui. Il a toujours su ramener la s\u00e9r\u00e9nit\u00e9 n\u00e9cessaire au sein du groupe.<\/div>\n<div class=\"subhead\">\n<h4 class=\"para\">Ailiers<\/h4>\n<\/div>\n<div class=\"para\"><span class=\"bold\">Reda Benslimane.<\/span>\u00a0C\u2019est un talentueux. Il est arriv\u00e9 pour \u00e9voluer en 6 ou en 8 et il a finalement \u00e9volu\u00e9 sur tous les postes offensifs. Il a parfaitement su s\u2019adapter \u00e0 ce que nous lui avons demand\u00e9. Il ne finit pas second meilleur buteur du championnat par hasard. C\u2019est un joueur impr\u00e9visible qui peut d\u00e9canter une situation \u00e0 n\u2019importe quel moment.<\/div>\n<div class=\"para\"><span class=\"bold\">Oussama Bouthiri.<\/span>\u00a0La g\u00e9n\u00e9rosit\u00e9 incarn\u00e9e. C\u2019est quelqu\u2019un qui se donne \u00e0 fond et qui ne s\u2019arr\u00eate pas. Il a souvent jou\u00e9 un r\u00f4le de joker en sortie de banc et il a toujours su apporter ce dont on avait besoin. Il a su faire la diff\u00e9rence lorsque c\u2019\u00e9tait n\u00e9cessaire.<\/div>\n<div class=\"para\"><span class=\"bold\">Taha El Bahri Chatt.<\/span>\u00a0Comme Reda, il est impr\u00e9visible et peut faire la diff\u00e9rence sur une acc\u00e9l\u00e9ration ou un geste technique. Avec la concurrence, il n\u2019a pas eu l\u2019opportunit\u00e9 d\u2019\u00eatre souvent titulaire, mais il n\u2019a jamais cess\u00e9 de travailler pour prouver qu\u2019on pouvait compter sur lui. Il l\u2019a d\u00e9montr\u00e9 \u00e0 plusieurs reprises et notamment face \u00e0 Amicii avec ce coup franc parfaitement donn\u00e9 vers Ryan.<\/div>\n<div class=\"para\"><span class=\"bold\">Idriss Nassim Faouzi.\u00a0<\/span>Il poss\u00e8de une bonne patte et un gros volume de jeu. Il ne m\u00e9nage jamais ses efforts. Il a inscrit quelques buts importants pour nous.<\/div>\n<div class=\"para\"><span class=\"bold\">Aboubacar Soumah.<\/span>\u00a0Polyvalence. Capable de jouer \u00e0 plusieurs positions, c\u2019est un v\u00e9ritable atout dans un noyau. Avant-centre, flanc, piston, back, il s\u2019adapte parfaitement. C\u2019est un marathonien qui court facilement plus de 10 kilom\u00e8tres par rencontre.<\/div>\n<div class=\"subhead\">\n<h4 class=\"para\">Attaquants<\/h4>\n<\/div>\n<div class=\"para\"><span class=\"bold\">J\u00e9r\u00e9my Goma-Dimbadio.\u00a0<\/span>Devait jouer avec nous d\u00e8s l\u2019entame de la saison, mais il a d\u00fb s\u2019absenter trois mois. \u00c0 son retour, il a jou\u00e9 en P2 o\u00f9 il a \u00e9volu\u00e9 comme attaquant. Il a fait de bonnes performances et a pu r\u00e9int\u00e9grer le groupe. Malheureusement avec la concurrence, il n\u2019a pas eu beaucoup l\u2019opportunit\u00e9 de s\u2019exprimer avec nous. Il poss\u00e8de beaucoup de qualit\u00e9s et notamment au niveau du jeu a\u00e9rien.<\/div>\n<div class=\"para\"><span class=\"bold\">Soulaymane Ziani.<\/span>\u00a0En d\u00e9but de saison, je lui ai dit qu\u2019il allait planter 30 buts sur cette campagne. Il finit \u00e0 21 et le titre de meilleur buteur de la s\u00e9rie. Il sait comment tirer profit de ses qualit\u00e9s. Il a travaill\u00e9 sur ses courses pour devenir meilleur. Souvent au bon endroit pour pousser le ballon au fond. Presse haut sur la pelouse, il ne laisse jamais les d\u00e9fenseurs adverses dans un fauteuil pour construire le jeu. C\u2019est un battant.<\/div>\n<div class=\"para\">Pour conclure, le T1 tient \u00e0 remercier toutes les personnes qui ont permis d\u2019aller chercher ce sacre. L\u2019int\u00e9ress\u00e9 pense notamment \u00e0 ses dirigeants, les membres de son staff, les b\u00e9n\u00e9voles et encore toutes les personnes qui ont \u0153uvr\u00e9 dans la lumi\u00e8re ou dans l\u2019ombre.<\/div>\n<div><\/div>\n<div><strong>P-A. H.<\/strong> (<strong>Sudinfo.Sport<\/strong>)<\/div>\n","protected":false},"excerpt":{"rendered":"<p>Champion de P1, le coach Nasser Ouertani glisse un mot \u00e0 chacun des joueurs qui ont apport\u00e9 une pierre \u00e0 l\u2019\u00e9difice de cette campagne 2024-2025 r\u00e9ussie !  <\/p>\n","protected":false},"template":"","class_list":["post-3172","news","type-news","status-publish","hentry","newscat-homepage","newscat-press"],"_links":{"self":[{"href":"https:\/\/www.footclubs.be\/kosova\/wp-json\/wp\/v2\/api-news\/3172","targetHints":{"allow":["GET"]}}],"collection":[{"href":"https:\/\/www.footclubs.be\/kosova\/wp-json\/wp\/v2\/api-news"}],"about":[{"href":"https:\/\/www.footclubs.be\/kosova\/wp-json\/wp\/v2\/types\/news"}],"wp:attachment":[{"href":"https:\/\/www.footclubs.be\/kosova\/wp-json\/wp\/v2\/media?parent=3172"}],"curies":[{"name":"wp","href":"https:\/\/api.w.org\/{rel}","templated":true}]}}