{"id":3086,"date":"2024-12-30T12:15:51","date_gmt":"2024-12-30T11:15:51","guid":{"rendered":"https:\/\/www.footclubs.be\/kosova\/?post_type=news&#038;p=3086"},"modified":"2024-12-30T12:15:51","modified_gmt":"2024-12-30T11:15:51","slug":"article-de-presse-p2-alerte-rouge-pour-le-kosova-b-contraint-de-se-ressaisir","status":"publish","type":"news","link":"https:\/\/www.footclubs.be\/kosova\/news\/article-de-presse-p2-alerte-rouge-pour-le-kosova-b-contraint-de-se-ressaisir\/","title":{"rendered":"Article de Presse : P2 \/  Alerte rouge pour le Kosova B, contraint de se ressaisir"},"content":{"rendered":"<div class=\"para\">Derni\u00e8re au classement avec seulement <strong>8<\/strong> unit\u00e9s, <strong>l\u2019\u00e9quipe B du Kosova Schaerbeek<\/strong> conna\u00eet une saison pour le moins compliqu\u00e9e.<\/div>\n<div class=\"para\">En grande difficult\u00e9, les hommes de <strong>Sajjad Memon<\/strong> doivent faire face \u00e0 une r\u00e9alit\u00e9 difficile dans une division o\u00f9 la jeunesse de leur effectif peine \u00e0 rivaliser avec des adversaires souvent plus exp\u00e9riment\u00e9s.<\/div>\n<div class=\"para\">Lors d\u2019une pr\u00e9c\u00e9dente interview, le coach avait point\u00e9 du doigt l\u2019inexp\u00e9rience de son groupe. <strong>\u00ab\u00a0Nous avons une \u00e9quipe tr\u00e8s jeune, et ce n\u2019est pas \u00e9vident dans une s\u00e9rie aussi relev\u00e9e. Les erreurs se paient cash. Mais on s\u2019attendait \u00e0 vivre une saison compliqu\u00e9e.\u00a0\u00bb<\/strong><\/div>\n<div><\/div>\n<div class=\"subhead\">\n<div class=\"para\"><strong>Beaucoup d\u2019enjeux<\/strong><\/div>\n<\/div>\n<div class=\"para\">Une analyse lucide qui r\u00e9sume bien les probl\u00e8mes rencontr\u00e9s par cette \u00e9quipe durant cette premi\u00e8re partie de saison. Mais au-del\u00e0 des r\u00e9sultats sportifs, les enjeux d\u2019une rel\u00e9gation seraient particuli\u00e8rement probl\u00e9matiques pour l\u2019ensemble du club. Avec une \u00e9quipe premi\u00e8re A \u00e9voluant en premi\u00e8re provinciale et souvent candidate aux places d\u2019honneur, un tel sc\u00e9nario pourrait avoir des r\u00e9percussions importantes. D\u2019un point de vue sportif, une rel\u00e9gation de l\u2019\u00e9quipe B en troisi\u00e8me provinciale rendrait les allers-retours entre les deux groupes bien moins attractifs. Pour les joueurs de l\u2019\u00e9quipe A, parfois amen\u00e9s \u00e0 descendre en B pour retrouver du rythme, l\u2019\u00e9cart de niveau serait bien moins stimulant. \u00c0 l\u2019inverse, les jeunes talents de la B, aspirant \u00e0 int\u00e9grer la premi\u00e8re \u00e9quipe, se retrouveraient face \u00e0 un gouffre encore plus important. Cette dynamique, essentielle dans un club qui mise sur la progression interne, serait mise \u00e0 mal. Et cela pourrait \u00e9galement jouer sur la motivation des joueurs, d\u00e9j\u00e0 mise \u00e0 rude \u00e9preuve par une s\u00e9rie de mauvais r\u00e9sultats.<\/div>\n<div class=\"para\">L\u2019urgence est donc bien r\u00e9elle\u00a0: le <strong>Kosova B<\/strong> doit imp\u00e9rativement prendre des points rapidement s\u2019il esp\u00e8re remonter au classement. Actuellement derniers avec <strong>8 unit\u00e9s<\/strong>, ils voient <strong>Anneessens<\/strong> et <strong>Auderghem B<\/strong>, leurs premiers rivaux, s\u2019\u00e9loigner avec respectivement <strong>12 et 13 points<\/strong>. Un retard qui pourrait rapidement devenir insurmontable en cas de nouvelles contre-performances. Pour l\u2019heure, <strong>Sajjad Memon<\/strong> reste concentr\u00e9 sur l\u2019objectif de la deuxi\u00e8me partie de saison\u00a0: \u00e9viter la rel\u00e9gation. <strong>\u00ab\u00a0Il faut continuer \u00e0 travailler et \u00e0 apprendre. Chaque match est une occasion de progresser. On doit jouer sans complexe et croire en nos chances\u00a0\u00bb<\/strong>, d\u00e9clarait-il r\u00e9cemment. Reste \u00e0 voir si cette jeune \u00e9quipe parviendra \u00e0 inverser la tendance et \u00e0 grappiller les points n\u00e9cessaires pour se maintenir. Une mission qui s\u2019annonce d\u00e9licate, mais pas impossible. Le soutien du club et l\u2019\u00e9tat d\u2019esprit combatif de l\u2019\u00e9quipe seront des \u00e9l\u00e9ments d\u00e9terminants pour esp\u00e9rer \u00e9crire une autre histoire en fin de saison.<\/div>\n<div><\/div>\n<div><strong>G.P<\/strong> (<strong>SUDINFO<\/strong>)<\/div>\n","protected":false},"excerpt":{"rendered":"<p>Derni\u00e8re au classement avec seulement 8 unit\u00e9s, l\u2019\u00e9quipe B du Kosova Schaerbeek conna\u00eet une saison pour le moins compliqu\u00e9e. En grande difficult\u00e9, les hommes de Sajjad Memon doivent faire face \u00e0 une r\u00e9alit\u00e9 difficile dans une division o\u00f9 la jeunesse de leur effectif peine \u00e0 rivaliser avec des adversaires souvent plus exp\u00e9riment\u00e9s. Lors d\u2019une pr\u00e9c\u00e9dente [&hellip;]<\/p>\n","protected":false},"template":"","class_list":["post-3086","news","type-news","status-publish","hentry","newscat-lastnews","newscat-homepage"],"_links":{"self":[{"href":"https:\/\/www.footclubs.be\/kosova\/wp-json\/wp\/v2\/api-news\/3086","targetHints":{"allow":["GET"]}}],"collection":[{"href":"https:\/\/www.footclubs.be\/kosova\/wp-json\/wp\/v2\/api-news"}],"about":[{"href":"https:\/\/www.footclubs.be\/kosova\/wp-json\/wp\/v2\/types\/news"}],"wp:attachment":[{"href":"https:\/\/www.footclubs.be\/kosova\/wp-json\/wp\/v2\/media?parent=3086"}],"curies":[{"name":"wp","href":"https:\/\/api.w.org\/{rel}","templated":true}]}}