{"id":3023,"date":"2024-08-19T09:24:20","date_gmt":"2024-08-19T07:24:20","guid":{"rendered":"https:\/\/www.footclubs.be\/kosova\/?post_type=news&#038;p=3023"},"modified":"2024-08-19T17:41:19","modified_gmt":"2024-08-19T15:41:19","slug":"coupe-de-belgique-fin-de-parcours-pour-kosova-schaerbeek-qui-sort-la-tete-haute","status":"publish","type":"news","link":"https:\/\/www.footclubs.be\/kosova\/news\/coupe-de-belgique-fin-de-parcours-pour-kosova-schaerbeek-qui-sort-la-tete-haute\/","title":{"rendered":"Coupe de Belgique : Fin de parcours pour Kosova Schaerbeek qui sort la t\u00eate haute :"},"content":{"rendered":"<p>Dans le cadre du 4e tour de la <strong>Croky Cup<\/strong>, les hommes d&rsquo;<strong>Abdennaceur Ouertani<\/strong> affrontaient l&rsquo;\u00e9quipe limbourgeoise des <strong>Turkese Rangers<\/strong>. Un adversaire solide, mais qui paraissait \u00e0 la port\u00e9e des Bruxellois.<\/p>\n<p><strong>KOSOVA SCHAERBEEK 0<\/strong><br \/>\n<strong>TURKSE RANGERS WA 1<\/strong><\/p>\n<p><strong>Le But :<\/strong> 80e Paumen.<\/p>\n<p><strong>kosova<\/strong> : Vanhoyland, Bah (79e Bakkioui), Druet, Hadj Romdane, Habsaoui, Bouthiri, Traore, Khamal, Azzabi, Soumah (79e Kambala), Diaz.<\/p>\n<p><strong>Turkes Rangers Waterschei :<\/strong> Swerten, Demirsoy, Claessens, Proesmans, Turan, Aburiala, Er Cemal (31e Paumen), Sarachoglu (73e Stankov), Choua, Yakupcebioglu (60e Yazgan), Fabrice.<\/p>\n<p><strong>Cartes jaunes :<\/strong> Bah, Traore, Fabrice, Khamal.<\/p>\n<p><strong>Arbitre : M. Tanko.<\/strong><\/p>\n<p>Les locaux mettaient beaucoup d&rsquo;intensit\u00e9 d\u00e8s le d\u00e9but de match et se montraient dangereux via des longs ballons par-dessus le bloc d\u00e9fensif adverse. A la 20e, l&rsquo;attaquant <strong>Soumah<\/strong> profitait de sa vitesse pour partir en contre mais voyait son ballon lob\u00e9 passer juste \u00e0 c\u00f4t\u00e9 du poteau. Malgr\u00e9 plusieurs opportyunit\u00e9s sur coup-franc, Kosova n&rsquo;en profitait pas et les d\u00e9bats s&rsquo;\u00e9quilibraient au fur et \u00e0 mesure du match.<\/p>\n<p>Le tournant du match intervenait sans doute au retour des vestiaires. Peu avant l&rsquo;heure de jeu, <strong>Khamal<\/strong> arrivait de la deuxi\u00e8me ligne pour couper un centre et propulsait le ballon au fond des filets, mais l&rsquo;arbitre de touche levait son drapeau pour signaler un hors-jeu. Impossible de savoir si le hors-jeu \u00e9tait r\u00e9el, mais le coach <strong>Abdennaceur Ouertani<\/strong> regrettait cette d\u00e9cision. <strong>\u00ab\u00a0C&rsquo;\u00e9tait un match plus ou moins \u00e9quilibr\u00e9, cela s&rsquo;est jou\u00e9 sur des petits d\u00e9tails. Nous avons marqu\u00e9 les premiers aujourd&rsquo;hui. Malheureusement, le juge de ligne a vu un hors-jeu. Je pense qu&rsquo;il n&rsquo;y a pas hors-jeu. Nous allons v\u00e9rifier avec les images, mais cette d\u00e9cision change tout.\u00a0\u00bb<\/strong><\/p>\n<p><strong>Un fait de match<\/strong><\/p>\n<p>En effet, ce fait de match sera lourd de cons\u00e9quence car 20 minutes plus tard, les visiteurs marquaient le but d\u00e9cisif pour la qualification. Les joueurs de Kosova r\u00e9clamaient \u00e9galement un hors-jeu sur la phase du but, mais, cette fois, l&rsquo;arbitre ne bronchait pas.<\/p>\n<p>Les locaux tentaient le tout pour le tout pour revenir au score en fin de match. <strong>Khamal<\/strong>, encore lui, a failli \u00e9galiser \u00e0 la 90e minute de jeu mais le gardien adverse remportait son face-\u00e0-face. Les hommes d&rsquo;<strong>Abdennaceur Ouertani<\/strong> manquaient d&rsquo;un peu de jus pour \u00eatre clinique dans le dernier geste.<\/p>\n<p><strong>Une \u00e9limination am\u00e8re pour le gardien du Kosova<\/strong><br \/>\n<img loading=\"lazy\" decoding=\"async\" class=\"alignnone size-medium wp-image-3007\" src=\"https:\/\/www.footclubs.be\/kosova\/wp-content\/uploads\/sites\/254\/2019\/07\/ZenoVanhoyland-233x300.jpeg\" alt=\"\" width=\"233\" height=\"300\" srcset=\"https:\/\/www.footclubs.be\/kosova\/wp-content\/uploads\/sites\/254\/2019\/07\/ZenoVanhoyland-233x300.jpeg 233w, https:\/\/www.footclubs.be\/kosova\/wp-content\/uploads\/sites\/254\/2019\/07\/ZenoVanhoyland-768x989.jpeg 768w, https:\/\/www.footclubs.be\/kosova\/wp-content\/uploads\/sites\/254\/2019\/07\/ZenoVanhoyland-795x1024.jpeg 795w, https:\/\/www.footclubs.be\/kosova\/wp-content\/uploads\/sites\/254\/2019\/07\/ZenoVanhoyland.jpeg 971w\" sizes=\"auto, (max-width: 233px) 100vw, 233px\" \/>Alors qu&rsquo;il n&rsquo;a presque rien eu \u00e0 faire pendant toute la premi\u00e8re mi-temps,<strong> Zeno Vanhoyland<\/strong> aurait pu \u00eatre le h\u00e9ros du match en second mi-temps.<br \/>\nAvant le but encaiss\u00e9, il a repouss\u00e9 plusieurs ballons chauds dans sa surface. Tr\u00e8s bon dans ses sorties a\u00e9riennes, il a \u00e9galement des r\u00e9flexes impressionnants sur sa ligne et reste bien sur ses appuis. <strong>\u00ab\u00a0Je pense avoir fait un bon match, surtout en deuxi\u00e8me mi-temps. Il n&rsquo;y a pas eu beaucoup d&rsquo;occasions en premi\u00e8re mi-temps, mais il faut savoir rester concentrer tout le match. C&rsquo;est le plus important pour un gardien. Nous ayons fait un bon match collectivement, mais dans ce genre de match, celui qui marque en premier l&#8217;emporte. Nous avons eu des occasions, mais ce n&rsquo;\u00e9tait pas assez pour marquer\u00a0\u00bb<\/strong>, avouait-il.<\/p>\n<p><strong>\u00ab\u00a0CE N&rsquo;EST PAS LA FIN DU MONDE\u00a0\u00bb<\/strong><br \/>\nsurtout la phase du but, il regrettait avoir repouss\u00e9 le ballon au lieu de le capter.<strong> \u00ab\u00a0J&rsquo;arrive \u00e0 arr\u00eater la d\u00e9viation du centre, mais malheureusement le ballon a rebondi sur un autre joueur et je n&rsquo;ai rien pu faire. Je pense qu&rsquo;il y avait hors-jeu, mais je ne suis pas s\u00fbr. C&rsquo;est dommage, nous aurions aim\u00e9 continuer notre parcours dans cette Coupe, mais ce n&rsquo;est pas non plus la fin du monde. Le championnat est plus important pour nous\u00a0\u00bb<\/strong>, expliquait-il.<br \/>\nFraichement arriv\u00e9 en fin de saison derni\u00e8re depuis la <strong>premi\u00e8re provinciale flamande<\/strong> (<strong>KO Bierbeek<\/strong>), le gardien de <strong>27 ans<\/strong> a pris doucement ses marques au <strong>Kosova<\/strong> et esp\u00e8re performer individuellement et collectivement cette saison.<br \/>\n<strong>\u00ab\u00a0Je donne le meilleur de moi-m\u00eame lors des entrainements et des matches, mais au final c&rsquo;est le coach qui d\u00e9cide qui jue. J&rsquo;esp\u00e8re pouvoir faire une bonne saison pour ma premi\u00e8re saison compl\u00e8te au sein du club. Il y a beaucoup de qualit\u00e9s dans l&rsquo;\u00e9quipe. Nous avons des ambitions et voulons aller le plus haut possible\u00a0\u00bb.<\/strong><br \/>\nUne chose est s\u00fbre, <strong>Kosova<\/strong> semble avoir fait un tr\u00e8s bon choix en misant sur ce gardien.<\/p>\n<p><strong>par THOMAS AUBOIN (Bruxelles Sport)<\/strong><\/p>\n","protected":false},"excerpt":{"rendered":"<p>\u00ab\u00a0Nous sommes contents et fiers de notre parcours dans cette coupe\u00a0\u00bb.<\/p>\n","protected":false},"template":"","class_list":["post-3023","news","type-news","status-publish","hentry","newscat-homepage","newscat-press"],"_links":{"self":[{"href":"https:\/\/www.footclubs.be\/kosova\/wp-json\/wp\/v2\/api-news\/3023","targetHints":{"allow":["GET"]}}],"collection":[{"href":"https:\/\/www.footclubs.be\/kosova\/wp-json\/wp\/v2\/api-news"}],"about":[{"href":"https:\/\/www.footclubs.be\/kosova\/wp-json\/wp\/v2\/types\/news"}],"wp:attachment":[{"href":"https:\/\/www.footclubs.be\/kosova\/wp-json\/wp\/v2\/media?parent=3023"}],"curies":[{"name":"wp","href":"https:\/\/api.w.org\/{rel}","templated":true}]}}