{"id":2302,"date":"2023-04-03T10:18:28","date_gmt":"2023-04-03T08:18:28","guid":{"rendered":"https:\/\/www.fckosova.be\/?post_type=news&#038;p=2302"},"modified":"2023-04-03T10:18:28","modified_gmt":"2023-04-03T08:18:28","slug":"article-de-presse-kosova-prend-une-raclee-a-la-rutb-b","status":"publish","type":"news","link":"https:\/\/www.footclubs.be\/kosova\/news\/article-de-presse-kosova-prend-une-raclee-a-la-rutb-b\/","title":{"rendered":"Article de presse : Kosova prend une racl\u00e9e \u00e0 la RUTB B"},"content":{"rendered":"<p><strong>Sans aucn doute le score du week-end!<\/strong><\/p>\n<p><strong>Tubize Braine B<\/strong> a atomis\u00e9 <strong>8-0<\/strong> le deuxi\u00e8me du classement, Kosova Schaerbeek. <strong>\u00ab\u00a0Kosova n&rsquo;avait peut-\u00eatre pas l&rsquo;intention de jouer \u00e0 fond.<\/strong><br \/>\n<strong>De notre c\u00f4t\u00e9, on a fait notre boulot et on a profit\u00e9 des failles\u00a0\u00bb, explique le T2 braban\u00e7on wallon Christophe Houssiau. \u00ab\u00a08-0 face au deuxi\u00e8me du championnat, ce n&rsquo;est pas anodin! Les goals sont tomb\u00e9s naturellement,\u00e0 l&rsquo;image de notre jeu. Ce succ\u00e8s fait du bien au moral du groupe.\u00a0\u00bb<\/strong><br \/>\nCette d\u00e9faite ne change rien \u00e0 la suite de la saison du Kosova, mais elle est tr\u00e8s lourde dans les chiffres. <strong>\u00ab\u00a0On a un peu fait tourner l&rsquo;effectif, mais ce n&rsquo;est pas une raison de subir une telle racl\u00e9e\u00a0\u00bb, estime le T1 Schaerbeekois Nasser Ouertani. \u00ab\u00a0Avant l&rsquo;ouverture du score sur penalty, on a eu deux occasions qui devaient finir au fond. Apr\u00e8s le 1-0, on a encore eu deux ou trois opportunit\u00e9s. A la mi-temps, on aurait pu \u00eatre devant et \u00e7a n&rsquo;aurait pas \u00e9t\u00e9 un scandale. Mais \u00e0 3-0, les joueurs ont baiss\u00e9 les bras.\u00a0\u00bb.<\/strong><\/p>\n<p><strong>LR<\/strong><\/p>\n","protected":false},"excerpt":{"rendered":"<p>Sans aucn doute le score du week-end! Tubize Braine B a atomis\u00e9 8-0 le deuxi\u00e8me du classement, Kosova Schaerbeek. \u00ab\u00a0Kosova n&rsquo;avait peut-\u00eatre pas l&rsquo;intention de jouer \u00e0 fond. De notre c\u00f4t\u00e9, on a fait notre boulot et on a profit\u00e9 des failles\u00a0\u00bb, explique le T2 braban\u00e7on wallon Christophe Houssiau. \u00ab\u00a08-0 face au deuxi\u00e8me du championnat, [&hellip;]<\/p>\n","protected":false},"template":"","class_list":["post-2302","news","type-news","status-publish","hentry","newscat-homepage","newscat-press"],"_links":{"self":[{"href":"https:\/\/www.footclubs.be\/kosova\/wp-json\/wp\/v2\/api-news\/2302","targetHints":{"allow":["GET"]}}],"collection":[{"href":"https:\/\/www.footclubs.be\/kosova\/wp-json\/wp\/v2\/api-news"}],"about":[{"href":"https:\/\/www.footclubs.be\/kosova\/wp-json\/wp\/v2\/types\/news"}],"wp:attachment":[{"href":"https:\/\/www.footclubs.be\/kosova\/wp-json\/wp\/v2\/media?parent=2302"}],"curies":[{"name":"wp","href":"https:\/\/api.w.org\/{rel}","templated":true}]}}