{"id":135,"date":"2017-02-25T00:00:27","date_gmt":"2017-02-24T22:00:27","guid":{"rendered":"https:\/\/www.footclubs.be\/babar\/?post_type=news&#038;p=135"},"modified":"2017-03-05T20:35:19","modified_gmt":"2017-03-05T18:35:19","slug":"celtic-vise-b-babar-vise-5-0","status":"publish","type":"news","link":"https:\/\/www.footclubs.be\/babar\/news\/celtic-vise-b-babar-vise-5-0\/","title":{"rendered":"CELTIC VISE (B) &#8211; BABAR VISE: 5-0"},"content":{"rendered":"<p><span><span class=\"UFICommentBody _1n4g\">Les \u00ab\u00a0bleu et blanc\u00a0\u00bb ont fait ce qu&rsquo;ils ont pu avec les moyens qu&rsquo;ils avaient ce vendredi soir. Pour contrer l&rsquo;\u00e9quipe B du Celtic, renforc\u00e9e par plusieurs joueurs de deuxi\u00e8me nationale (chaque club fait ce qu&rsquo;il veut tant que le r\u00e8glement n&rsquo;est pas bafou\u00e9, l&rsquo;esprit sportif c&rsquo;est autre chose), il aurait fallu que tous les joueurs pr\u00e9sents soient \u00e0 100% de leurs possibilit\u00e9s et que les absents pour raisons professionnelles soient pr\u00e9sents. Equipe align\u00e9e: LAFOSSE G. HENNETON B. POLMANS P. ELIAS J. MONIX S. GOFFARD C. VERVIER Y. CAMAL J.F. et FAZLIJA ANTON un petit nouveau. (R.M.)<\/span><\/span><\/p>\n","protected":false},"excerpt":{"rendered":"<p>Les \u00ab\u00a0bleu et blanc\u00a0\u00bb ont fait ce qu&rsquo;ils ont pu avec les moyens qu&rsquo;ils avaient ce vendredi soir. Pour contrer l&rsquo;\u00e9quipe B du Celtic, renforc\u00e9e par plusieurs joueurs de deuxi\u00e8me nationale (chaque club fait ce qu&rsquo;il veut tant que le r\u00e8glement n&rsquo;est pas bafou\u00e9, l&rsquo;esprit sportif c&rsquo;est autre chose), il aurait fallu que tous les [&hellip;]<\/p>\n","protected":false},"template":"","class_list":["post-135","news","type-news","status-publish","hentry","newscat-homepage"],"_links":{"self":[{"href":"https:\/\/www.footclubs.be\/babar\/wp-json\/wp\/v2\/api-news\/135","targetHints":{"allow":["GET"]}}],"collection":[{"href":"https:\/\/www.footclubs.be\/babar\/wp-json\/wp\/v2\/api-news"}],"about":[{"href":"https:\/\/www.footclubs.be\/babar\/wp-json\/wp\/v2\/types\/news"}],"wp:attachment":[{"href":"https:\/\/www.footclubs.be\/babar\/wp-json\/wp\/v2\/media?parent=135"}],"curies":[{"name":"wp","href":"https:\/\/api.w.org\/{rel}","templated":true}]}}